{"id":14889,"date":"2017-06-01T01:25:01","date_gmt":"2017-06-01T00:25:01","guid":{"rendered":"http:\/\/www.associationdemarie.org\/blog\/?p=14889"},"modified":"2017-05-16T05:26:46","modified_gmt":"2017-05-16T04:26:46","slug":"que-tous-ils-soient-un-comme-toi-tu-es-en-moi-et-moi-en-toi","status":"publish","type":"post","link":"https:\/\/www.associationdemarie.org\/blog\/que-tous-ils-soient-un-comme-toi-tu-es-en-moi-et-moi-en-toi\/","title":{"rendered":"\u00ab Que tous, ils soient un, comme toi, tu es en moi et moi en toi. \u00bb"},"content":{"rendered":"<p><a href=\"https:\/\/www.associationdemarie.org\/blog\/wp-content\/uploads\/2017\/05\/22146.jpeg\"><img loading=\"lazy\" decoding=\"async\" class=\"aligncenter  wp-image-14890\" src=\"https:\/\/www.associationdemarie.org\/blog\/wp-content\/uploads\/2017\/05\/22146.jpeg\" alt=\"22146\" width=\"449\" height=\"269\" srcset=\"https:\/\/www.associationdemarie.org\/blog\/wp-content\/uploads\/2017\/05\/22146.jpeg 680w, https:\/\/www.associationdemarie.org\/blog\/wp-content\/uploads\/2017\/05\/22146-300x180.jpeg 300w\" sizes=\"auto, (max-width: 449px) 100vw, 449px\" \/><\/a><\/p>\n<p>Vous devez glorifier en toute mani\u00e8re J\u00e9sus Christ, qui vous a glorifi\u00e9s vous-m\u00eames, afin que, unis dans une m\u00eame ob\u00e9issance, soumis \u00e0 l&rsquo;\u00e9v\u00eaque et \u00e0 ses pr\u00eatres, vous soyez pleinement sanctifi\u00e9s. Je ne vous donne pas d&rsquo;ordres, comme si j&rsquo;\u00e9tais un personnage. Je suis bien, il est vrai, charg\u00e9 de fers pour le nom de chr\u00e9tien, mais je n&rsquo;ai pas encore atteint la perfection en J\u00e9sus Christ. Je ne fais que d\u00e9buter \u00e0 son \u00e9cole, et si je m&rsquo;adresse \u00e0 vous, c&rsquo;est comme \u00e0 des condisciples. C&rsquo;est moi plut\u00f4t qui aurais eu besoin d&rsquo;\u00eatre pr\u00e9par\u00e9 au combat par votre foi, vos exhortations, votre patience, votre longanimit\u00e9. Mais puisque la charit\u00e9 ne me permet pas de garder le silence, je prends les devants, et je vous exhorte \u00e0 marcher d&rsquo;accord avec l&rsquo;esprit de Dieu. Car J\u00e9sus Christ, l&rsquo;ins\u00e9parable Principe de notre vie, est lui-m\u00eame la pens\u00e9e du P\u00e8re, comme les \u00e9v\u00eaques, \u00e9tablis jusqu&rsquo;aux extr\u00e9mit\u00e9s du monde, ne sont qu&rsquo;un avec l&rsquo;esprit de J\u00e9sus Christ.<\/p>\n<p>Vous ne devez donc avoir avec votre \u00e9v\u00eaque qu&rsquo;une seule et m\u00eame pens\u00e9e\u00a0; c&rsquo;est d&rsquo;ailleurs ce que vous faites. Vos pr\u00eatres, vraiment dignes de Dieu, sont unis \u00e0 l&rsquo;\u00e9v\u00eaque comme les cordes \u00e0 la lyre\u00a0; c&rsquo;est ainsi que, du parfait accord de vos sentiments et de votre charit\u00e9, s&rsquo;\u00e9l\u00e8ve vers J\u00e9sus Christ un concert de louanges. Que chacun de vous entre dans ce ch\u0153ur\u00a0; alors dans l&rsquo;harmonie de la concorde, vous prendrez par votre unit\u00e9 m\u00eame, le ton de Dieu et vous chanterez tous d&rsquo;une seule voix, par la bouche de J\u00e9sus Christ, les louanges du P\u00e8re&#8230; C&rsquo;est donc votre avantage de vous tenir dans une unit\u00e9 irr\u00e9prochable\u00a0; c&rsquo;est par l\u00e0 que vous jouirez d&rsquo;une constante union avec Dieu lui-m\u00eame.<\/p>\n<p>Saint Ignace d&rsquo;Antioche (?-v. 110), \u00e9v\u00eaque et martyr<br \/>\n<i>Lettre aux Eph\u00e9siens (trad. coll. Icthus, vol. 2, p. 77)<\/i><\/p>\n<p>&nbsp;<\/p>\n<p>&nbsp;<\/p>\n<p>&nbsp;<\/p>\n<p>&nbsp;<\/p>\n","protected":false},"excerpt":{"rendered":"<p>Vous devez glorifier en toute mani\u00e8re J\u00e9sus Christ, qui vous a glorifi\u00e9s vous-m\u00eames, afin que, unis dans une m\u00eame ob\u00e9issance, soumis \u00e0 l&rsquo;\u00e9v\u00eaque et \u00e0 ses pr\u00eatres, vous soyez pleinement sanctifi\u00e9s. Je ne vous donne pas d&rsquo;ordres, comme si j&rsquo;\u00e9tais un personnage. Je suis bien, il est vrai, charg\u00e9 de fers pour le nom de [&hellip;]<\/p>\n","protected":false},"author":2,"featured_media":0,"comment_status":"closed","ping_status":"closed","sticky":false,"template":"","format":"standard","meta":{"footnotes":""},"categories":[3,13,1261],"tags":[420,1037,1168],"class_list":["post-14889","post","type-post","status-publish","format-standard","hentry","category-liturgique","category-ecritures","category-enseignement-2","tag-fils-unique-du-pere","tag-st-ignace-dantioche","tag-unite"],"_links":{"self":[{"href":"https:\/\/www.associationdemarie.org\/blog\/wp-json\/wp\/v2\/posts\/14889","targetHints":{"allow":["GET"]}}],"collection":[{"href":"https:\/\/www.associationdemarie.org\/blog\/wp-json\/wp\/v2\/posts"}],"about":[{"href":"https:\/\/www.associationdemarie.org\/blog\/wp-json\/wp\/v2\/types\/post"}],"author":[{"embeddable":true,"href":"https:\/\/www.associationdemarie.org\/blog\/wp-json\/wp\/v2\/users\/2"}],"replies":[{"embeddable":true,"href":"https:\/\/www.associationdemarie.org\/blog\/wp-json\/wp\/v2\/comments?post=14889"}],"version-history":[{"count":2,"href":"https:\/\/www.associationdemarie.org\/blog\/wp-json\/wp\/v2\/posts\/14889\/revisions"}],"predecessor-version":[{"id":14892,"href":"https:\/\/www.associationdemarie.org\/blog\/wp-json\/wp\/v2\/posts\/14889\/revisions\/14892"}],"wp:attachment":[{"href":"https:\/\/www.associationdemarie.org\/blog\/wp-json\/wp\/v2\/media?parent=14889"}],"wp:term":[{"taxonomy":"category","embeddable":true,"href":"https:\/\/www.associationdemarie.org\/blog\/wp-json\/wp\/v2\/categories?post=14889"},{"taxonomy":"post_tag","embeddable":true,"href":"https:\/\/www.associationdemarie.org\/blog\/wp-json\/wp\/v2\/tags?post=14889"}],"curies":[{"name":"wp","href":"https:\/\/api.w.org\/{rel}","templated":true}]}}