{"id":14879,"date":"2017-05-30T01:05:18","date_gmt":"2017-05-30T00:05:18","guid":{"rendered":"http:\/\/www.associationdemarie.org\/blog\/?p=14879"},"modified":"2017-05-12T05:06:44","modified_gmt":"2017-05-12T04:06:44","slug":"ainsi-il-donnera-la-vie-eternelle-a-tous-ceux-que-tu-lui-as-donnes","status":"publish","type":"post","link":"https:\/\/www.associationdemarie.org\/blog\/ainsi-il-donnera-la-vie-eternelle-a-tous-ceux-que-tu-lui-as-donnes\/","title":{"rendered":"\u00ab Ainsi&#8230;il donnera la vie \u00e9ternelle \u00e0 tous ceux que tu lui as donn\u00e9s. \u00bb"},"content":{"rendered":"<p><a href=\"https:\/\/www.associationdemarie.org\/blog\/wp-content\/uploads\/2017\/05\/115673316.png\"><img loading=\"lazy\" decoding=\"async\" class=\"aligncenter  wp-image-14880\" src=\"https:\/\/www.associationdemarie.org\/blog\/wp-content\/uploads\/2017\/05\/115673316.png\" alt=\"115673316\" width=\"449\" height=\"313\" srcset=\"https:\/\/www.associationdemarie.org\/blog\/wp-content\/uploads\/2017\/05\/115673316.png 551w, https:\/\/www.associationdemarie.org\/blog\/wp-content\/uploads\/2017\/05\/115673316-300x209.png 300w\" sizes=\"auto, (max-width: 449px) 100vw, 449px\" \/><\/a><\/p>\n<p>Au commencement ce n&rsquo;\u00e9tait pas parce qu&rsquo;il avait besoin de l&rsquo;homme que Dieu a model\u00e9 Adam, mais pour avoir quelqu&rsquo;un en qui d\u00e9poser ses bienfaits. Car non seulement avant Adam, mais avant m\u00eame la cr\u00e9ation, le Verbe glorifiait le P\u00e8re, tout en demeurant en lui, et il \u00e9tait glorifi\u00e9 par le P\u00e8re, comme il le dit lui-m\u00eame\u00a0: \u00ab\u00a0P\u00e8re, glorifie-moi de la gloire que j&rsquo;avais aupr\u00e8s de toi avant le commencement du monde\u00a0\u00bb. Ce n&rsquo;\u00e9tait pas davantage parce qu&rsquo;il avait besoin de notre service qu&rsquo;il nous a command\u00e9 de le suivre, mais pour nous procurer le salut. Car suivre le Sauveur c&rsquo;est avoir part au salut, comme suivre la lumi\u00e8re c&rsquo;est avoir part \u00e0 la lumi\u00e8re.<\/p>\n<p>Lorsque des hommes sont dans la lumi\u00e8re, ce ne sont pas eux qui illuminent la lumi\u00e8re et la font resplendir, mais ils sont illumin\u00e9s et rendus resplendissants par elle\u00a0; loin de lui apporter quoi que ce soit, ils b\u00e9n\u00e9ficient de la lumi\u00e8re et en sont illumin\u00e9s. Ainsi en va-t-il du service envers Dieu\u00a0; notre service n&rsquo;apporte rien \u00e0 Dieu, car Dieu n&rsquo;a pas besoin du service des hommes\u00a0; mais, \u00e0 ceux qui le servent et qui le suivent, Dieu donne la vie, l&rsquo;incorruptibilit\u00e9 et la gloire \u00e9ternelle&#8230;<\/p>\n<p>Si Dieu sollicite le service des hommes, c&rsquo;est pour pouvoir, lui qui est bon et mis\u00e9ricordieux, accorder ses bienfaits \u00e0 ceux qui pers\u00e9v\u00e8rent dans son service. Car, si Dieu n&rsquo;a besoin de rien, l&rsquo;homme a besoin de la communion de Dieu. La gloire de l&rsquo;homme, c&rsquo;est de pers\u00e9v\u00e9rer dans le service de Dieu. C&rsquo;est pourquoi le Seigneur disait \u00e0 ses disciples\u00a0: \u00ab\u00a0Ce n&rsquo;est pas vous qui m&rsquo;avez choisi, mais moi qui vous ai choisis\u00a0\u00bb (Jn 15,16). Il indiquait par l\u00e0 que ce n&rsquo;\u00e9taient pas eux qui le glorifiaient en le suivant, mais que, pour avoir suivi le Fils de Dieu, ils \u00e9taient glorifi\u00e9s par lui. \u00ab\u00a0P\u00e8re, je veux que l\u00e0 o\u00f9 je suis, eux aussi soient avec moi, afin qu&rsquo;ils contemplent ma gloire\u00a0\u00bb (Jn 17,24).<\/p>\n<p>Saint Ir\u00e9n\u00e9e de Lyon (v. 130-v. 208), \u00e9v\u00eaque, th\u00e9ologien et martyr<br \/>\n<i>Contre les h\u00e9r\u00e9sies, IV, 14 (trad. SC 100, p. 537 rev.)<\/i><\/p>\n<p>&nbsp;<\/p>\n<p>&nbsp;<\/p>\n<p>&nbsp;<\/p>\n","protected":false},"excerpt":{"rendered":"<p>Au commencement ce n&rsquo;\u00e9tait pas parce qu&rsquo;il avait besoin de l&rsquo;homme que Dieu a model\u00e9 Adam, mais pour avoir quelqu&rsquo;un en qui d\u00e9poser ses bienfaits. Car non seulement avant Adam, mais avant m\u00eame la cr\u00e9ation, le Verbe glorifiait le P\u00e8re, tout en demeurant en lui, et il \u00e9tait glorifi\u00e9 par le P\u00e8re, comme il le [&hellip;]<\/p>\n","protected":false},"author":2,"featured_media":0,"comment_status":"closed","ping_status":"closed","sticky":false,"template":"","format":"standard","meta":{"footnotes":""},"categories":[3,13,1261],"tags":[1039,1187],"class_list":["post-14879","post","type-post","status-publish","format-standard","hentry","category-liturgique","category-ecritures","category-enseignement-2","tag-st-irenee","tag-vie-eternelle"],"_links":{"self":[{"href":"https:\/\/www.associationdemarie.org\/blog\/wp-json\/wp\/v2\/posts\/14879","targetHints":{"allow":["GET"]}}],"collection":[{"href":"https:\/\/www.associationdemarie.org\/blog\/wp-json\/wp\/v2\/posts"}],"about":[{"href":"https:\/\/www.associationdemarie.org\/blog\/wp-json\/wp\/v2\/types\/post"}],"author":[{"embeddable":true,"href":"https:\/\/www.associationdemarie.org\/blog\/wp-json\/wp\/v2\/users\/2"}],"replies":[{"embeddable":true,"href":"https:\/\/www.associationdemarie.org\/blog\/wp-json\/wp\/v2\/comments?post=14879"}],"version-history":[{"count":2,"href":"https:\/\/www.associationdemarie.org\/blog\/wp-json\/wp\/v2\/posts\/14879\/revisions"}],"predecessor-version":[{"id":14882,"href":"https:\/\/www.associationdemarie.org\/blog\/wp-json\/wp\/v2\/posts\/14879\/revisions\/14882"}],"wp:attachment":[{"href":"https:\/\/www.associationdemarie.org\/blog\/wp-json\/wp\/v2\/media?parent=14879"}],"wp:term":[{"taxonomy":"category","embeddable":true,"href":"https:\/\/www.associationdemarie.org\/blog\/wp-json\/wp\/v2\/categories?post=14879"},{"taxonomy":"post_tag","embeddable":true,"href":"https:\/\/www.associationdemarie.org\/blog\/wp-json\/wp\/v2\/tags?post=14879"}],"curies":[{"name":"wp","href":"https:\/\/api.w.org\/{rel}","templated":true}]}}