{"id":14835,"date":"2017-05-21T01:13:38","date_gmt":"2017-05-21T00:13:38","guid":{"rendered":"http:\/\/www.associationdemarie.org\/blog\/?p=14835"},"modified":"2017-05-04T05:22:30","modified_gmt":"2017-05-04T04:22:30","slug":"il-vous-donnera-un-autre-defenseur-qui-sera-pour-toujours-avec-vous","status":"publish","type":"post","link":"https:\/\/www.associationdemarie.org\/blog\/il-vous-donnera-un-autre-defenseur-qui-sera-pour-toujours-avec-vous\/","title":{"rendered":"\u00ab Il vous donnera un autre D\u00e9fenseur qui sera pour toujours avec vous. \u00bb"},"content":{"rendered":"<p><a href=\"https:\/\/www.associationdemarie.org\/blog\/wp-content\/uploads\/2017\/05\/esprit-saint-paraclet.jpg\"><img loading=\"lazy\" decoding=\"async\" class=\"aligncenter  wp-image-14836\" src=\"https:\/\/www.associationdemarie.org\/blog\/wp-content\/uploads\/2017\/05\/esprit-saint-paraclet.jpg\" alt=\"esprit-saint-paraclet\" width=\"460\" height=\"307\" srcset=\"https:\/\/www.associationdemarie.org\/blog\/wp-content\/uploads\/2017\/05\/esprit-saint-paraclet.jpg 1024w, https:\/\/www.associationdemarie.org\/blog\/wp-content\/uploads\/2017\/05\/esprit-saint-paraclet-300x200.jpg 300w\" sizes=\"auto, (max-width: 460px) 100vw, 460px\" \/><\/a><\/p>\n<p>Viens, Esprit Saint, en nos c\u0153urs<br \/>\net envoie du haut du ciel<br \/>\nun rayon de ta lumi\u00e8re.<\/p>\n<p>Viens en nous, P\u00e8re des pauvres,<br \/>\nviens, dispensateur des dons,<br \/>\nviens, lumi\u00e8re en nos c\u0153urs.<\/p>\n<p>Consolateur souverain,<br \/>\nh\u00f4te tr\u00e8s doux de nos \u00e2mes,<br \/>\nadoucissante fra\u00eecheur.<\/p>\n<p>Dans le labeur, le repos,<br \/>\ndans la fi\u00e8vre, la fra\u00eecheur,<br \/>\ndans les pleurs, le r\u00e9confort.<\/p>\n<p>\u00d4 lumi\u00e8re bienheureuse,<br \/>\nviens remplir jusqu&rsquo;\u00e0 l&rsquo;intime <img loading=\"lazy\" decoding=\"async\" class=\"alignright  wp-image-14838\" src=\"https:\/\/www.associationdemarie.org\/blog\/wp-content\/uploads\/2017\/05\/Gilles-Voirin-Consulting-Bandeau-vertical-pois-jaunes1.jpg\" alt=\"Gilles-Voirin-Consulting-Bandeau-vertical-pois-jaunes1\" width=\"72\" height=\"294\" srcset=\"https:\/\/www.associationdemarie.org\/blog\/wp-content\/uploads\/2017\/05\/Gilles-Voirin-Consulting-Bandeau-vertical-pois-jaunes1.jpg 275w, https:\/\/www.associationdemarie.org\/blog\/wp-content\/uploads\/2017\/05\/Gilles-Voirin-Consulting-Bandeau-vertical-pois-jaunes1-251x1024.jpg 251w\" sizes=\"auto, (max-width: 72px) 100vw, 72px\" \/><br \/>\nle c\u0153ur de tes fid\u00e8les.<\/p>\n<p>Sans ta pr\u00e9sence divine,<br \/>\nil n&rsquo;est rien en aucun homme,<br \/>\nrien qui ne soit perverti.<\/p>\n<p>Lave ce qui est souill\u00e9,<br \/>\nbaigne ce qui est aride,<br \/>\ngu\u00e9ris ce qui est bless\u00e9.<\/p>\n<p>Assouplis ce qui est raide,<br \/>\nr\u00e9chauffe ce qui est froid,<br \/>\nrends droit ce qui est fauss\u00e9.<\/p>\n<p>\u00c0 tous ceux qui ont la foi,<br \/>\net qui en toi se confient,<br \/>\ndonne tes sept dons sacr\u00e9s.<\/p>\n<p>Donne m\u00e9rite et vertu,<br \/>\ndonne le salut final,<br \/>\ndans la joie \u00e9ternelle. Amen.<\/p>\n<p>&nbsp;<\/p>\n<p>Liturgie latine<br \/>\n<i>S\u00e9quence de Pentec\u00f4te : Veni Sancte Spiritus (trad. AELF)<\/i><\/p>\n<p>&nbsp;<\/p>\n<p>&nbsp;<\/p>\n","protected":false},"excerpt":{"rendered":"<p>Viens, Esprit Saint, en nos c\u0153urs et envoie du haut du ciel un rayon de ta lumi\u00e8re. Viens en nous, P\u00e8re des pauvres, viens, dispensateur des dons, viens, lumi\u00e8re en nos c\u0153urs. Consolateur souverain, h\u00f4te tr\u00e8s doux de nos \u00e2mes, adoucissante fra\u00eecheur. Dans le labeur, le repos, dans la fi\u00e8vre, la fra\u00eecheur, dans les pleurs, [&hellip;]<\/p>\n","protected":false},"author":2,"featured_media":0,"comment_status":"closed","ping_status":"closed","sticky":false,"template":"","format":"standard","meta":{"footnotes":""},"categories":[3,26,27],"tags":[378,765,830],"class_list":["post-14835","post","type-post","status-publish","format-standard","hentry","category-liturgique","category-priere-des-ames","category-prieres","tag-esprit-saint","tag-paraclet","tag-priere"],"_links":{"self":[{"href":"https:\/\/www.associationdemarie.org\/blog\/wp-json\/wp\/v2\/posts\/14835","targetHints":{"allow":["GET"]}}],"collection":[{"href":"https:\/\/www.associationdemarie.org\/blog\/wp-json\/wp\/v2\/posts"}],"about":[{"href":"https:\/\/www.associationdemarie.org\/blog\/wp-json\/wp\/v2\/types\/post"}],"author":[{"embeddable":true,"href":"https:\/\/www.associationdemarie.org\/blog\/wp-json\/wp\/v2\/users\/2"}],"replies":[{"embeddable":true,"href":"https:\/\/www.associationdemarie.org\/blog\/wp-json\/wp\/v2\/comments?post=14835"}],"version-history":[{"count":5,"href":"https:\/\/www.associationdemarie.org\/blog\/wp-json\/wp\/v2\/posts\/14835\/revisions"}],"predecessor-version":[{"id":14842,"href":"https:\/\/www.associationdemarie.org\/blog\/wp-json\/wp\/v2\/posts\/14835\/revisions\/14842"}],"wp:attachment":[{"href":"https:\/\/www.associationdemarie.org\/blog\/wp-json\/wp\/v2\/media?parent=14835"}],"wp:term":[{"taxonomy":"category","embeddable":true,"href":"https:\/\/www.associationdemarie.org\/blog\/wp-json\/wp\/v2\/categories?post=14835"},{"taxonomy":"post_tag","embeddable":true,"href":"https:\/\/www.associationdemarie.org\/blog\/wp-json\/wp\/v2\/tags?post=14835"}],"curies":[{"name":"wp","href":"https:\/\/api.w.org\/{rel}","templated":true}]}}