{"id":14811,"date":"2017-05-16T01:44:44","date_gmt":"2017-05-16T00:44:44","guid":{"rendered":"http:\/\/www.associationdemarie.org\/blog\/?p=14811"},"modified":"2017-04-26T17:48:06","modified_gmt":"2017-04-26T16:48:06","slug":"evangile-de-jesus-christ-selon-saint-jean-1427-31a","status":"publish","type":"post","link":"https:\/\/www.associationdemarie.org\/blog\/evangile-de-jesus-christ-selon-saint-jean-1427-31a\/","title":{"rendered":"\u00c9vangile de J\u00e9sus Christ selon saint Jean 14,27-31a."},"content":{"rendered":"<p><a href=\"https:\/\/www.associationdemarie.org\/blog\/wp-content\/uploads\/2015\/05\/E-5.jpg\"><img loading=\"lazy\" decoding=\"async\" class=\"alignleft  wp-image-11283\" src=\"https:\/\/www.associationdemarie.org\/blog\/wp-content\/uploads\/2015\/05\/E-5.jpg\" alt=\"E-5\" width=\"78\" height=\"69\" srcset=\"https:\/\/www.associationdemarie.org\/blog\/wp-content\/uploads\/2015\/05\/E-5.jpg 575w, https:\/\/www.associationdemarie.org\/blog\/wp-content\/uploads\/2015\/05\/E-5-300x267.jpg 300w\" sizes=\"auto, (max-width: 78px) 100vw, 78px\" \/><\/a>n ce temps-l\u00e0, J\u00e9sus disait \u00e0 ses disciples : \u00ab Je vous laisse la paix, je vous donne ma paix ; ce n\u2019est pas \u00e0 la mani\u00e8re du monde que je vous la donne. Que votre c\u0153ur ne soit pas boulevers\u00e9 ni effray\u00e9.<br \/>\nVous avez entendu ce que je vous ai dit : Je m\u2019en vais, et je reviens vers vous. Si vous m\u2019aimiez, vous seriez dans la joie puisque je pars vers le P\u00e8re, car le P\u00e8re est plus grand que moi.<br \/>\nJe vous ai dit ces choses maintenant, avant qu\u2019elles n\u2019arrivent ; ainsi, lorsqu\u2019elles arriveront, vous croirez.<br \/>\nD\u00e9sormais, je ne parlerai plus beaucoup avec vous, car il vient, le prince du monde. Certes, sur moi il n\u2019a aucune prise,<br \/>\nmais il faut que le monde sache que j\u2019aime le P\u00e8re, et que je fais comme le P\u00e8re me l\u2019a command\u00e9. \u00bb<\/p>\n<p>&nbsp;<\/p>\n<p><a href=\"https:\/\/www.associationdemarie.org\/blog\/wp-content\/uploads\/2017\/04\/1406904507_96553_large.jpg\"><img loading=\"lazy\" decoding=\"async\" class=\"aligncenter  wp-image-14812\" src=\"https:\/\/www.associationdemarie.org\/blog\/wp-content\/uploads\/2017\/04\/1406904507_96553_large.jpg\" alt=\"1406904507_96553_large\" width=\"457\" height=\"257\" srcset=\"https:\/\/www.associationdemarie.org\/blog\/wp-content\/uploads\/2017\/04\/1406904507_96553_large.jpg 1280w, https:\/\/www.associationdemarie.org\/blog\/wp-content\/uploads\/2017\/04\/1406904507_96553_large-300x169.jpg 300w, https:\/\/www.associationdemarie.org\/blog\/wp-content\/uploads\/2017\/04\/1406904507_96553_large-1024x576.jpg 1024w\" sizes=\"auto, (max-width: 457px) 100vw, 457px\" \/><\/a><\/p>\n<p>&nbsp;<\/p>\n<p>Je d\u00e9sire beaucoup que vous puissiez acqu\u00e9rir le calme et la paix. Le meilleur moyen d&rsquo;acqu\u00e9rir ce calme est une r\u00e9signation absolue \u00e0 la sainte Volont\u00e9 de Dieu : c&rsquo;est l\u00e0 la r\u00e9gion de la paix&#8230; T\u00e2chez de ne rien d\u00e9sirer, de n&rsquo;attacher votre c\u0153ur \u00e0 rien sans l&rsquo;avoir auparavant pr\u00e9sent\u00e9 \u00e0 Dieu et plac\u00e9 dans le Sacr\u00e9 C\u0153ur de J\u00e9sus, afin de le vouloir en Lui et avec Lui.<\/p>\n<p>Une des principales raisons pour lesquelles nous perdons la paix de l&rsquo;\u00e2me est que nous d\u00e9sirons quelque chose, que nous attachons notre c\u0153ur \u00e0 quelque objet, sans savoir si Dieu le veut ou non ; et alors, quand un obstacle s&rsquo;oppose \u00e0 nos d\u00e9sirs, nous nous troublons, nous sortons de la conformit\u00e9 \u00e0 la sainte Volont\u00e9, et nous perdons la paix.<\/p>\n<p>Bienheureux Columba Marmion (1958-1923), abb\u00e9<br \/>\nL&rsquo;union \u00e0 Dieu dans le Christ d&rsquo;apr\u00e8s les lettres de direction de Dom Marmion (Dom R. Thibaut, Eds DDB, p. 13, rev.)<\/p>\n<p>&nbsp;<\/p>\n<p>&nbsp;<\/p>\n<p>&nbsp;<\/p>\n","protected":false},"excerpt":{"rendered":"<p>n ce temps-l\u00e0, J\u00e9sus disait \u00e0 ses disciples : \u00ab Je vous laisse la paix, je vous donne ma paix ; ce n\u2019est pas \u00e0 la mani\u00e8re du monde que je vous la donne. Que votre c\u0153ur ne soit pas boulevers\u00e9 ni effray\u00e9. Vous avez entendu ce que je vous ai dit : Je m\u2019en [&hellip;]<\/p>\n","protected":false},"author":2,"featured_media":0,"comment_status":"closed","ping_status":"closed","sticky":false,"template":"","format":"standard","meta":{"footnotes":""},"categories":[3,13,1261],"tags":[1464,389,757,1041],"class_list":["post-14811","post","type-post","status-publish","format-standard","hentry","category-liturgique","category-ecritures","category-enseignement-2","tag-bienheureux-columba-marmion","tag-evangile","tag-paix","tag-st-jean"],"_links":{"self":[{"href":"https:\/\/www.associationdemarie.org\/blog\/wp-json\/wp\/v2\/posts\/14811","targetHints":{"allow":["GET"]}}],"collection":[{"href":"https:\/\/www.associationdemarie.org\/blog\/wp-json\/wp\/v2\/posts"}],"about":[{"href":"https:\/\/www.associationdemarie.org\/blog\/wp-json\/wp\/v2\/types\/post"}],"author":[{"embeddable":true,"href":"https:\/\/www.associationdemarie.org\/blog\/wp-json\/wp\/v2\/users\/2"}],"replies":[{"embeddable":true,"href":"https:\/\/www.associationdemarie.org\/blog\/wp-json\/wp\/v2\/comments?post=14811"}],"version-history":[{"count":4,"href":"https:\/\/www.associationdemarie.org\/blog\/wp-json\/wp\/v2\/posts\/14811\/revisions"}],"predecessor-version":[{"id":14816,"href":"https:\/\/www.associationdemarie.org\/blog\/wp-json\/wp\/v2\/posts\/14811\/revisions\/14816"}],"wp:attachment":[{"href":"https:\/\/www.associationdemarie.org\/blog\/wp-json\/wp\/v2\/media?parent=14811"}],"wp:term":[{"taxonomy":"category","embeddable":true,"href":"https:\/\/www.associationdemarie.org\/blog\/wp-json\/wp\/v2\/categories?post=14811"},{"taxonomy":"post_tag","embeddable":true,"href":"https:\/\/www.associationdemarie.org\/blog\/wp-json\/wp\/v2\/tags?post=14811"}],"curies":[{"name":"wp","href":"https:\/\/api.w.org\/{rel}","templated":true}]}}