{"id":1477,"date":"2010-09-12T17:41:44","date_gmt":"2010-09-12T17:41:44","guid":{"rendered":"http:\/\/preprod.meltem-int.com\/marie\/blog\/?p=1477"},"modified":"2010-09-12T17:41:44","modified_gmt":"2010-09-12T17:41:44","slug":"intention-de-priere","status":"publish","type":"post","link":"https:\/\/www.associationdemarie.org\/blog\/intention-de-priere\/","title":{"rendered":"Intention de pri\u00e8re"},"content":{"rendered":"<p><!--StartFragment--><\/p>\n<blockquote><p><span style=\"font-size: medium;\"><span style=\"font-family: Calibri, Verdana, Helvetica, Arial;\">Message re\u00e7u du sup\u00e9rieur provincial des franciscains en Inde : <\/span><\/span><\/p><\/blockquote>\n<blockquote><p><span style=\"font-size: medium;\"><span style=\"font-family: Calibri, Verdana, Helvetica, Arial;\">\u00ab\u00a0Priez pour l\u2019Eglise de l\u2019Inde. Des extr\u00e9mistes bouddhistes, en Inde, ont incendi\u00e9 20 \u00e9glises la semaine derni\u00e8re et ont planifi\u00e9 de d\u00e9truire 200 \u00e9glises dans la province d\u2019Olisabang. Ils ont l\u2019intention de tuer 200 missionnaires. En ce moment, tous les chr\u00e9tiens sont en train de se cacher dans les hameaux.<br \/>\nPriez pour eux. Demandez \u00e0 Dieu d\u2019avoir piti\u00e9 de nos fr\u00e8res et s\u0153urs de l\u2019Inde. Priez pour eux notre Seigneur Tout-puissant et Victorieux.\u00a0\u00bb<\/span><\/span><\/p><\/blockquote>\n<blockquote><p><span style=\"font-size: medium;\"><span style=\"font-family: Calibri, Verdana, Helvetica, Arial;\"> P. Samuel M. Chetcuti OFM Conv.<br \/>\nP. Provincial des Franciscains conventuels<br \/>\nRep\u00fablique Street , Valletta VLT 1110, Malt Tef. (356) 21241167<br \/>\nFax (356) 21223556<br \/>\nMob (336) 99865668 UNION DE PRIERE ! <\/span><\/span><\/p><\/blockquote>\n<p><!--EndFragment--><\/p>\n","protected":false},"excerpt":{"rendered":"<p>Message re\u00e7u du sup\u00e9rieur provincial des franciscains en Inde : \u00ab\u00a0Priez pour l\u2019Eglise de l\u2019Inde. Des extr\u00e9mistes bouddhistes, en Inde, ont incendi\u00e9 20 \u00e9glises la semaine derni\u00e8re et ont planifi\u00e9 de d\u00e9truire 200 \u00e9glises dans la province d\u2019Olisabang. Ils ont l\u2019intention de tuer 200 missionnaires. En ce moment, tous les chr\u00e9tiens sont en train de [&hellip;]<\/p>\n","protected":false},"author":2,"featured_media":0,"comment_status":"closed","ping_status":"closed","sticky":false,"template":"","format":"standard","meta":{"footnotes":""},"categories":[2,12,14],"tags":[496,797,830],"class_list":["post-1477","post","type-post","status-publish","format-standard","hentry","category-actualites","category-crise","category-groupe-prieres","tag-inde","tag-persecutions","tag-priere"],"_links":{"self":[{"href":"https:\/\/www.associationdemarie.org\/blog\/wp-json\/wp\/v2\/posts\/1477","targetHints":{"allow":["GET"]}}],"collection":[{"href":"https:\/\/www.associationdemarie.org\/blog\/wp-json\/wp\/v2\/posts"}],"about":[{"href":"https:\/\/www.associationdemarie.org\/blog\/wp-json\/wp\/v2\/types\/post"}],"author":[{"embeddable":true,"href":"https:\/\/www.associationdemarie.org\/blog\/wp-json\/wp\/v2\/users\/2"}],"replies":[{"embeddable":true,"href":"https:\/\/www.associationdemarie.org\/blog\/wp-json\/wp\/v2\/comments?post=1477"}],"version-history":[{"count":0,"href":"https:\/\/www.associationdemarie.org\/blog\/wp-json\/wp\/v2\/posts\/1477\/revisions"}],"wp:attachment":[{"href":"https:\/\/www.associationdemarie.org\/blog\/wp-json\/wp\/v2\/media?parent=1477"}],"wp:term":[{"taxonomy":"category","embeddable":true,"href":"https:\/\/www.associationdemarie.org\/blog\/wp-json\/wp\/v2\/categories?post=1477"},{"taxonomy":"post_tag","embeddable":true,"href":"https:\/\/www.associationdemarie.org\/blog\/wp-json\/wp\/v2\/tags?post=1477"}],"curies":[{"name":"wp","href":"https:\/\/api.w.org\/{rel}","templated":true}]}}