{"id":14749,"date":"2017-05-06T02:23:54","date_gmt":"2017-05-06T01:23:54","guid":{"rendered":"http:\/\/www.associationdemarie.org\/blog\/?p=14749"},"modified":"2017-04-20T20:26:37","modified_gmt":"2017-04-20T19:26:37","slug":"voulez-vous-partir-vous-aussi","status":"publish","type":"post","link":"https:\/\/www.associationdemarie.org\/blog\/voulez-vous-partir-vous-aussi\/","title":{"rendered":"\u00ab Voulez-vous partir, vous aussi ? \u00bb"},"content":{"rendered":"<p><a href=\"https:\/\/www.associationdemarie.org\/blog\/wp-content\/uploads\/2017\/04\/Anthony_van_Dyck_-_Christus_aan_het_kruis_met_de_heilige_Catharina_van_Siena_de_heilige_Dominicus_en_een_engel.jpg\"><img loading=\"lazy\" decoding=\"async\" class=\"aligncenter  wp-image-14750\" src=\"https:\/\/www.associationdemarie.org\/blog\/wp-content\/uploads\/2017\/04\/Anthony_van_Dyck_-_Christus_aan_het_kruis_met_de_heilige_Catharina_van_Siena_de_heilige_Dominicus_en_een_engel.jpg\" alt=\"KMSKA - Christus aan het kruis met de heilige Catharina van Sien\" width=\"415\" height=\"548\" srcset=\"https:\/\/www.associationdemarie.org\/blog\/wp-content\/uploads\/2017\/04\/Anthony_van_Dyck_-_Christus_aan_het_kruis_met_de_heilige_Catharina_van_Siena_de_heilige_Dominicus_en_een_engel.jpg 1495w, https:\/\/www.associationdemarie.org\/blog\/wp-content\/uploads\/2017\/04\/Anthony_van_Dyck_-_Christus_aan_het_kruis_met_de_heilige_Catharina_van_Siena_de_heilige_Dominicus_en_een_engel-227x300.jpg 227w, https:\/\/www.associationdemarie.org\/blog\/wp-content\/uploads\/2017\/04\/Anthony_van_Dyck_-_Christus_aan_het_kruis_met_de_heilige_Catharina_van_Siena_de_heilige_Dominicus_en_een_engel-776x1024.jpg 776w\" sizes=\"auto, (max-width: 415px) 100vw, 415px\" \/><\/a><\/p>\n<p>Tr\u00e8s cher fils, tr\u00e8s ch\u00e8re fille dans le Christ&#8230;, je vous \u00e9cris dans son pr\u00e9cieux sang, avec le d\u00e9sir de vous voir les vrais serviteurs de J\u00e9sus crucifi\u00e9, constants et pers\u00e9v\u00e9rants jusqu&rsquo;\u00e0 la mort, afin que vous receviez la couronne de gloire (1P 5,4), qui n&rsquo;est pas donn\u00e9e pas \u00e0 celui qui commence seulement, mais \u00e0 celui qui pers\u00e9v\u00e8re jusqu&rsquo;\u00e0 la fin. Je veux donc que vous vous appliquiez avec z\u00e8le \u00e0 courir dans la voie de la v\u00e9rit\u00e9, vous effor\u00e7ant toujours d&rsquo;avancer de vertu en vertu. Ne pas avancer, c&rsquo;est reculer, car l&rsquo;\u00e2me ne peut jamais rester stationnaire.<\/p>\n<p>Et comment pourrons-nous, tr\u00e8s cher fils, augmenter le feu du saint d\u00e9sir ? En mettant du bois sur le feu. Mais quel bois ? Le souvenir des bienfaits nombreux et infinis de Dieu, qui sont innombrables, et surtout le souvenir du sang vers\u00e9 par le Verbe, son Fils unique, pour nous montrer l&rsquo;amour inexprimable que Dieu a pour nous (Jn 3,16). En nous rappelant ce bienfait et tant d&rsquo;autres, nous verrons augmenter notre amour.<\/p>\n<p>Sainte Catherine de Sienne (1347-1380), tertiaire dominicaine, docteur de l&rsquo;\u00c9glise, copatronne de l&rsquo;Europe<br \/>\nLettre 301, \u00e0 Fran\u00e7ois P\u00e9pin, tailleur \u00e0 Florence, et \u00e0 sa femme (trad. Cartier, T\u00e9qui 1976, t. 2, p. 1465 rev.)<\/p>\n<p>&nbsp;<\/p>\n<p>&nbsp;<\/p>\n<p>&nbsp;<\/p>\n<p>&nbsp;<\/p>\n","protected":false},"excerpt":{"rendered":"<p>Tr\u00e8s cher fils, tr\u00e8s ch\u00e8re fille dans le Christ&#8230;, je vous \u00e9cris dans son pr\u00e9cieux sang, avec le d\u00e9sir de vous voir les vrais serviteurs de J\u00e9sus crucifi\u00e9, constants et pers\u00e9v\u00e9rants jusqu&rsquo;\u00e0 la mort, afin que vous receviez la couronne de gloire (1P 5,4), qui n&rsquo;est pas donn\u00e9e pas \u00e0 celui qui commence seulement, mais [&hellip;]<\/p>\n","protected":false},"author":2,"featured_media":0,"comment_status":"closed","ping_status":"closed","sticky":false,"template":"","format":"standard","meta":{"footnotes":""},"categories":[3,13,1261,28],"tags":[777,819,1089],"class_list":["post-14749","post","type-post","status-publish","format-standard","hentry","category-liturgique","category-ecritures","category-enseignement-2","category-saints-et-saintes","tag-passion","tag-precieux-sang","tag-ste-catherine-de-sienne"],"_links":{"self":[{"href":"https:\/\/www.associationdemarie.org\/blog\/wp-json\/wp\/v2\/posts\/14749","targetHints":{"allow":["GET"]}}],"collection":[{"href":"https:\/\/www.associationdemarie.org\/blog\/wp-json\/wp\/v2\/posts"}],"about":[{"href":"https:\/\/www.associationdemarie.org\/blog\/wp-json\/wp\/v2\/types\/post"}],"author":[{"embeddable":true,"href":"https:\/\/www.associationdemarie.org\/blog\/wp-json\/wp\/v2\/users\/2"}],"replies":[{"embeddable":true,"href":"https:\/\/www.associationdemarie.org\/blog\/wp-json\/wp\/v2\/comments?post=14749"}],"version-history":[{"count":2,"href":"https:\/\/www.associationdemarie.org\/blog\/wp-json\/wp\/v2\/posts\/14749\/revisions"}],"predecessor-version":[{"id":14752,"href":"https:\/\/www.associationdemarie.org\/blog\/wp-json\/wp\/v2\/posts\/14749\/revisions\/14752"}],"wp:attachment":[{"href":"https:\/\/www.associationdemarie.org\/blog\/wp-json\/wp\/v2\/media?parent=14749"}],"wp:term":[{"taxonomy":"category","embeddable":true,"href":"https:\/\/www.associationdemarie.org\/blog\/wp-json\/wp\/v2\/categories?post=14749"},{"taxonomy":"post_tag","embeddable":true,"href":"https:\/\/www.associationdemarie.org\/blog\/wp-json\/wp\/v2\/tags?post=14749"}],"curies":[{"name":"wp","href":"https:\/\/api.w.org\/{rel}","templated":true}]}}