{"id":14696,"date":"2017-04-29T01:44:25","date_gmt":"2017-04-29T00:44:25","guid":{"rendered":"http:\/\/www.associationdemarie.org\/blog\/?p=14696"},"modified":"2017-04-14T08:45:49","modified_gmt":"2017-04-14T07:45:49","slug":"fete-de-sainte-catherine-de-sienne-vierge-docteur-de-leglise-copatronne-de-leurope","status":"publish","type":"post","link":"https:\/\/www.associationdemarie.org\/blog\/fete-de-sainte-catherine-de-sienne-vierge-docteur-de-leglise-copatronne-de-leurope\/","title":{"rendered":"F\u00eate de sainte Catherine de Sienne, vierge, docteur de l&rsquo;Eglise, copatronne de l&rsquo;Europe"},"content":{"rendered":"<p><a href=\"https:\/\/www.associationdemarie.org\/blog\/wp-content\/uploads\/2017\/04\/abdc973a64deed722c5760f550d22ce1.jpg\"><img loading=\"lazy\" decoding=\"async\" class=\"aligncenter  wp-image-14697\" src=\"https:\/\/www.associationdemarie.org\/blog\/wp-content\/uploads\/2017\/04\/abdc973a64deed722c5760f550d22ce1.jpg\" alt=\"abdc973a64deed722c5760f550d22ce1\" width=\"456\" height=\"406\" srcset=\"https:\/\/www.associationdemarie.org\/blog\/wp-content\/uploads\/2017\/04\/abdc973a64deed722c5760f550d22ce1.jpg 1024w, https:\/\/www.associationdemarie.org\/blog\/wp-content\/uploads\/2017\/04\/abdc973a64deed722c5760f550d22ce1-300x267.jpg 300w\" sizes=\"auto, (max-width: 456px) 100vw, 456px\" \/><\/a><\/p>\n<p>\u00d4 P\u00e8re, je vous remercie de ce que vous n\u2019avez pas m\u00e9pris\u00e9 votre cr\u00e9ature. Vous n\u2019avez pas d\u00e9tourn\u00e9 de moi votre visage, et vous n\u2019avez pas repouss\u00e9 mes d\u00e9sirs. Vous, la Lumi\u00e8re, vous n\u2019avez pas consid\u00e9r\u00e9 mes t\u00e9n\u00e8bres ; vous, la Vie, vous ne vous \u00eates pas \u00e9loign\u00e9 de moi, qui suis la mort ; vous, le M\u00e9decin supr\u00eame, vous avez regard\u00e9 ma grande infirmit\u00e9 ; vous, l\u2019\u00e9ternelle Puret\u00e9, vous ne vous \u00eates pas d\u00e9tourn\u00e9 de mes souillures et de mes mis\u00e8res ; vous, l\u2019Infini ; moi, le n\u00e9ant ; vous, la Sagesse ; moi, la folie. Malgr\u00e9 les fautes et les vices innombrables qui sont en moi, vous ne m\u2019avez pas m\u00e9pris\u00e9e : oui, vous, la Sagesse, la Bont\u00e9, la Cl\u00e9mence ; vous, le Bien supr\u00eame et infini. Dans votre lumi\u00e8re j\u2019ai trouv\u00e9 la lumi\u00e8re ; dans votre sagesse, la v\u00e9rit\u00e9 ; dans votre cl\u00e9mence, la charit\u00e9 et l\u2019amour du prochain. Qui vous a d\u00e9termin\u00e9 ? Ce ne sont pas mes vertus, c\u2019est votre seule charit\u00e9. L\u2019amour vous a port\u00e9 \u00e0 \u00e9clairer l\u2019\u0153il de mon intelligence par la lumi\u00e8re de la foi, pour me faire conna\u00eetre et comprendre votre V\u00e9rit\u00e9 qui se manifestait \u00e0 moi.<\/p>\n<p>Faites, Seigneur, que ma m\u00e9moire puisse retenir vos bienfaits ; que ma volont\u00e9 s\u2019embrase, du feu de votre charit\u00e9 ; que ce feu me fasse r\u00e9pandre tout mon sang, et qu\u2019avec ce sang donn\u00e9 pour l\u2019amour du Sang et avec la clef de l\u2019ob\u00e9issance, je puisse ouvrir la porte du ciel. Je vous demande du fond de mon c\u0153ur cette gr\u00e2ce pour toutes les cr\u00e9atures raisonnables, en g\u00e9n\u00e9ral et en particulier, et pour le corps mystique de l\u2019\u00c9glise. Je confesse et je ne nie pas que vous m\u2019avez aim\u00e9e avant ma naissance, et que vous m\u2019aimez jusqu\u2019\u00e0 la folie de l\u2019amour.<\/p>\n<p>Sainte Catherine de Sienne (1347-1380), tertiaire dominicaine, docteur de l&rsquo;\u00c9glise, copatronne de l&rsquo;Europe<br \/>\nLes Dialogues 167, 2-3 (trad. Cartier)<\/p>\n<p>&nbsp;<\/p>\n<p>&nbsp;<\/p>\n<p>&nbsp;<\/p>\n","protected":false},"excerpt":{"rendered":"<p>\u00d4 P\u00e8re, je vous remercie de ce que vous n\u2019avez pas m\u00e9pris\u00e9 votre cr\u00e9ature. Vous n\u2019avez pas d\u00e9tourn\u00e9 de moi votre visage, et vous n\u2019avez pas repouss\u00e9 mes d\u00e9sirs. Vous, la Lumi\u00e8re, vous n\u2019avez pas consid\u00e9r\u00e9 mes t\u00e9n\u00e8bres ; vous, la Vie, vous ne vous \u00eates pas \u00e9loign\u00e9 de moi, qui suis la mort ; [&hellip;]<\/p>\n","protected":false},"author":2,"featured_media":0,"comment_status":"closed","ping_status":"closed","sticky":false,"template":"","format":"standard","meta":{"footnotes":""},"categories":[3,13,1261,26,28],"tags":[1089],"class_list":["post-14696","post","type-post","status-publish","format-standard","hentry","category-liturgique","category-ecritures","category-enseignement-2","category-priere-des-ames","category-saints-et-saintes","tag-ste-catherine-de-sienne"],"_links":{"self":[{"href":"https:\/\/www.associationdemarie.org\/blog\/wp-json\/wp\/v2\/posts\/14696","targetHints":{"allow":["GET"]}}],"collection":[{"href":"https:\/\/www.associationdemarie.org\/blog\/wp-json\/wp\/v2\/posts"}],"about":[{"href":"https:\/\/www.associationdemarie.org\/blog\/wp-json\/wp\/v2\/types\/post"}],"author":[{"embeddable":true,"href":"https:\/\/www.associationdemarie.org\/blog\/wp-json\/wp\/v2\/users\/2"}],"replies":[{"embeddable":true,"href":"https:\/\/www.associationdemarie.org\/blog\/wp-json\/wp\/v2\/comments?post=14696"}],"version-history":[{"count":2,"href":"https:\/\/www.associationdemarie.org\/blog\/wp-json\/wp\/v2\/posts\/14696\/revisions"}],"predecessor-version":[{"id":14699,"href":"https:\/\/www.associationdemarie.org\/blog\/wp-json\/wp\/v2\/posts\/14696\/revisions\/14699"}],"wp:attachment":[{"href":"https:\/\/www.associationdemarie.org\/blog\/wp-json\/wp\/v2\/media?parent=14696"}],"wp:term":[{"taxonomy":"category","embeddable":true,"href":"https:\/\/www.associationdemarie.org\/blog\/wp-json\/wp\/v2\/categories?post=14696"},{"taxonomy":"post_tag","embeddable":true,"href":"https:\/\/www.associationdemarie.org\/blog\/wp-json\/wp\/v2\/tags?post=14696"}],"curies":[{"name":"wp","href":"https:\/\/api.w.org\/{rel}","templated":true}]}}