{"id":14611,"date":"2017-04-21T01:38:36","date_gmt":"2017-04-21T00:38:36","guid":{"rendered":"http:\/\/www.associationdemarie.org\/blog\/?p=14611"},"modified":"2017-04-05T16:39:10","modified_gmt":"2017-04-05T15:39:10","slug":"evangile-de-jesus-christ-selon-saint-jean-211-14","status":"publish","type":"post","link":"https:\/\/www.associationdemarie.org\/blog\/evangile-de-jesus-christ-selon-saint-jean-211-14\/","title":{"rendered":"\u00c9vangile de J\u00e9sus Christ selon saint Jean 21,1-14."},"content":{"rendered":"<p>En ce temps-l\u00e0, J\u00e9sus se manifesta encore aux disciples sur le bord de la mer de Tib\u00e9riade, et voici comment.<br \/>\nIl y avait l\u00e0, ensemble, Simon-Pierre, avec Thomas, appel\u00e9 Didyme (c\u2019est-\u00e0-dire Jumeau), Nathana\u00ebl, de Cana de Galil\u00e9e, les fils de Z\u00e9b\u00e9d\u00e9e, et deux autres de ses disciples.<br \/>\nSimon-Pierre leur dit : \u00ab Je m\u2019en vais \u00e0 la p\u00eache. \u00bb Ils lui r\u00e9pondent : \u00ab Nous aussi, nous allons avec toi. \u00bb Ils partirent et mont\u00e8rent dans la barque ; or, cette nuit-l\u00e0, ils ne prirent rien.<br \/>\nAu lever du jour, J\u00e9sus se tenait sur le rivage, mais les disciples ne savaient pas que c\u2019\u00e9tait lui.<br \/>\nJ\u00e9sus leur dit : \u00ab Les enfants, auriez-vous quelque chose \u00e0 manger ? \u00bb Ils lui r\u00e9pondirent : \u00ab Non. \u00bb<br \/>\nIl leur dit : \u00ab Jetez le filet \u00e0 droite de la barque, et vous trouverez. \u00bb Ils jet\u00e8rent donc le filet, et cette fois ils n\u2019arrivaient pas \u00e0 le tirer, tellement il y avait de poissons.<br \/>\nAlors, le disciple que J\u00e9sus aimait dit \u00e0 Pierre : \u00ab C\u2019est le Seigneur ! \u00bb Quand Simon-Pierre entendit que c\u2019\u00e9tait le Seigneur, il passa un v\u00eatement, car il n\u2019avait rien sur lui, et il se jeta \u00e0 l\u2019eau.<br \/>\nLes autres disciples arriv\u00e8rent en barque, tra\u00eenant le filet plein de poissons ; la terre n\u2019\u00e9tait qu\u2019\u00e0 une centaine de m\u00e8tres.<br \/>\nUne fois descendus \u00e0 terre, ils aper\u00e7oivent, dispos\u00e9 l\u00e0, un feu de braise avec du poisson pos\u00e9 dessus, et du pain.<br \/>\nJ\u00e9sus leur dit : \u00ab Apportez donc de ces poissons que vous venez de prendre. \u00bb<br \/>\nSimon-Pierre remonta et tira jusqu\u2019\u00e0 terre le filet plein de gros poissons : il y en avait cent cinquante-trois. Et, malgr\u00e9 cette quantit\u00e9, le filet ne s\u2019\u00e9tait pas d\u00e9chir\u00e9.<br \/>\nJ\u00e9sus leur dit alors : \u00ab Venez manger. \u00bb Aucun des disciples n\u2019osait lui demander : \u00ab Qui es-tu ? \u00bb Ils savaient que c\u2019\u00e9tait le Seigneur.<br \/>\nJ\u00e9sus s\u2019approche ; il prend le pain et le leur donne ; et de m\u00eame pour le poisson.<br \/>\nC\u2019\u00e9tait la troisi\u00e8me fois que J\u00e9sus ressuscit\u00e9 d\u2019entre les morts se manifestait \u00e0 ses disciples.<br \/>\nQuand ils eurent mang\u00e9, J\u00e9sus dit \u00e0 Simon-Pierre : \u00ab Simon, fils de Jean, m\u2019aimes-tu vraiment, plus que ceux-ci ? \u00bb Il lui r\u00e9pond : \u00ab Oui, Seigneur ! Toi, tu le sais : je t\u2019aime. \u00bb J\u00e9sus lui dit : \u00ab Sois le berger de mes agneaux. \u00bb<br \/>\nIl lui dit une deuxi\u00e8me fois : \u00ab Simon, fils de Jean, m\u2019aimes-tu vraiment ? \u00bb Il lui r\u00e9pond : \u00ab Oui, Seigneur ! Toi, tu le sais : je t\u2019aime. \u00bb J\u00e9sus lui dit : \u00ab Sois le pasteur de mes brebis. \u00bb<br \/>\nIl lui dit, pour la troisi\u00e8me fois : \u00ab Simon, fils de Jean, m\u2019aimes-tu ? \u00bb Pierre fut pein\u00e9 parce que, la troisi\u00e8me fois, J\u00e9sus lui demandait : \u00ab M\u2019aimes-tu ? \u00bb Il lui r\u00e9pond : \u00ab Seigneur, toi, tu sais tout : tu sais bien que je t\u2019aime. \u00bb J\u00e9sus lui dit : \u00ab Sois le berger de mes brebis.<br \/>\nAmen, amen, je te le dis : quand tu \u00e9tais jeune, tu mettais ta ceinture toi-m\u00eame pour aller l\u00e0 o\u00f9 tu voulais ; quand tu seras vieux, tu \u00e9tendras les mains, et c\u2019est un autre qui te mettra ta ceinture, pour t\u2019emmener l\u00e0 o\u00f9 tu ne voudrais pas aller. \u00bb<br \/>\nJ\u00e9sus disait cela pour signifier par quel genre de mort Pierre rendrait gloire \u00e0 Dieu. Sur ces mots, il lui dit : \u00ab Suis-moi. \u00bb<\/p>\n<p>&nbsp;<\/p>\n<p><a href=\"https:\/\/www.associationdemarie.org\/blog\/wp-content\/uploads\/2017\/04\/venez-manger-1200.jpg\"><img loading=\"lazy\" decoding=\"async\" class=\"aligncenter  wp-image-14612\" src=\"https:\/\/www.associationdemarie.org\/blog\/wp-content\/uploads\/2017\/04\/venez-manger-1200.jpg\" alt=\"venez-manger-1200\" width=\"440\" height=\"293\" srcset=\"https:\/\/www.associationdemarie.org\/blog\/wp-content\/uploads\/2017\/04\/venez-manger-1200.jpg 1200w, https:\/\/www.associationdemarie.org\/blog\/wp-content\/uploads\/2017\/04\/venez-manger-1200-300x200.jpg 300w, https:\/\/www.associationdemarie.org\/blog\/wp-content\/uploads\/2017\/04\/venez-manger-1200-1024x683.jpg 1024w\" sizes=\"auto, (max-width: 440px) 100vw, 440px\" \/><\/a><\/p>\n<p>&nbsp;<\/p>\n<p>Cet \u00e9pisode r\u00e9sume la vie de l\u2019Eglise, jusqu\u2019\u00e0 la fin des temps\u2026 Au d\u00e9but, les disciples partent \u00e0 la p\u00eache avec Simon-Pierre ; ils sont sept, un chiffre symbole de pl\u00e9nitude : c\u2019est vraiment toute l\u2019Eglise qui est \u00e9voqu\u00e9e ici, et c\u2019est \u00e0 elle que le Christ ressuscit\u00e9 va se manifester. Mais \u00ab ils pass\u00e8rent la nuit sans rien prendre \u00bb car le Christ \u00ab Lumi\u00e8re du monde \u00bb n\u2019\u00e9tait pas avec eux, et \u00ab la nuit, nul ne peut travailler \u00bb au salut du monde, car \u00ab sans moi vous ne pouvez rien faire \u00bb (Jn 8,12 ; 9,4 ; 15,5) \u2026<\/p>\n<p>Mais \u00ab au lever du jour, J\u00e9sus \u00e9tait l\u00e0 \u00bb. Le Ressuscit\u00e9 les a rejoints\u2026 Ce \u00ab lever du jour \u00bb \u00e9voque cette situation interm\u00e9diaire qui est la n\u00f4tre, dans la foi : \u00ab Les t\u00e9n\u00e8bres s\u2019en vont, la v\u00e9ritable Lumi\u00e8re brille d\u00e9j\u00e0 \u00bb (1Jn 2,8), mais Lui, nous ne le voyons pas encore. Pourtant, il est l\u00e0, mais sa Pr\u00e9sence n\u2019est pas \u00e9vidente. Au d\u00e9but, les disciples \u00ab ne savaient pas que c\u2019\u00e9tait lui \u00bb. Mais St Jean saura leur donner l\u2019exemple du regard de foi : \u00ab C\u2019est le Seigneur ! \u00bb<\/p>\n<p>\u00ab Jetez le filet \u00e0 droite de la barque et vous trouverez \u00bb. Ils ob\u00e9issent, ils font tout simplement ce que le Ressuscit\u00e9 leur demande de faire. Ce filet peut symboliser la Parole de Dieu que l\u2019Eglise, aujourd\u2019hui encore, est invit\u00e9e \u00e0 lancer largement et par tous les moyens possibles jusqu\u2019aux \u00ab extr\u00e9mit\u00e9s de la terre \u00bb (Ps 2)\u2026 Et J\u00e9sus l\u2019a promis, l\u2019Esprit Saint rendra t\u00e9moignage \u00e0 cette Parole de Vie en communiquant justement \u00e0 tous ceux et celles qui l\u2019accueilleront \u00ab quelque chose \u00bb qui est de l\u2019ordre m\u00eame de la Vie \u00e9ternelle\u2026 \u00ab L\u2019Esprit me rendra t\u00e9moignage, l\u2019Esprit qui vivifie \u00bb (Jn 15,26 ; 6,63). St Pierre en a fait l\u2019exp\u00e9rience : en \u00e9coutant J\u00e9sus de tout c\u0153ur, il vivait \u00ab quelque chose \u00bb d\u2019unique, d\u2019indescriptible, de formidable, une intensit\u00e9 de vie : \u00ab Tu as les Paroles de la vie \u00e9ternelle \u00bb. De cette exp\u00e9rience est n\u00e9e sa foi : \u00ab Et nous, nous croyons et nous avons reconnu que tu es le Saint de Dieu \u00bb (Jn 6,68-69).<\/p>\n<p>Les filets de la Parole sont donc lanc\u00e9s\u2026 Et ils se remplissent : \u00ab 153 gros poissons \u00bb, un chiffre qui peut symboliser tout \u00e0 la fois la Pl\u00e9nitude de l\u2019humanit\u00e9 appel\u00e9e au salut, et l\u2019\u0153uvre de Dieu. C\u2019est en effet l\u2019action de Dieu qui donne \u00e0 la mission de l\u2019Eglise de pouvoir porter du fruit, car \u00ab Dieu veut que tous les hommes soient sauv\u00e9s \u00bb (1Tm 2,3-6), et \u00ab tout ce que veut le Seigneur, il le fait \u00bb (Ps 135,6), avec son Eglise et par elle. A nous maintenant de semer sa Parole le plus largement possible, et nous nous \u00e9merveillerons des fruits du travail du Seigneur\u2026<\/p>\n<p>Diacre Jacques FOURNIER<\/p>\n<p>&nbsp;<\/p>\n<p>&nbsp;<\/p>\n<p>&nbsp;<\/p>\n","protected":false},"excerpt":{"rendered":"<p>En ce temps-l\u00e0, J\u00e9sus se manifesta encore aux disciples sur le bord de la mer de Tib\u00e9riade, et voici comment. Il y avait l\u00e0, ensemble, Simon-Pierre, avec Thomas, appel\u00e9 Didyme (c\u2019est-\u00e0-dire Jumeau), Nathana\u00ebl, de Cana de Galil\u00e9e, les fils de Z\u00e9b\u00e9d\u00e9e, et deux autres de ses disciples. Simon-Pierre leur dit : \u00ab Je m\u2019en vais [&hellip;]<\/p>\n","protected":false},"author":2,"featured_media":0,"comment_status":"closed","ping_status":"closed","sticky":false,"template":"","format":"standard","meta":{"footnotes":""},"categories":[3,13,1261],"tags":[389,892,1041,1071],"class_list":["post-14611","post","type-post","status-publish","format-standard","hentry","category-liturgique","category-ecritures","category-enseignement-2","tag-evangile","tag-resurrection","tag-st-jean","tag-st-pierre"],"_links":{"self":[{"href":"https:\/\/www.associationdemarie.org\/blog\/wp-json\/wp\/v2\/posts\/14611","targetHints":{"allow":["GET"]}}],"collection":[{"href":"https:\/\/www.associationdemarie.org\/blog\/wp-json\/wp\/v2\/posts"}],"about":[{"href":"https:\/\/www.associationdemarie.org\/blog\/wp-json\/wp\/v2\/types\/post"}],"author":[{"embeddable":true,"href":"https:\/\/www.associationdemarie.org\/blog\/wp-json\/wp\/v2\/users\/2"}],"replies":[{"embeddable":true,"href":"https:\/\/www.associationdemarie.org\/blog\/wp-json\/wp\/v2\/comments?post=14611"}],"version-history":[{"count":1,"href":"https:\/\/www.associationdemarie.org\/blog\/wp-json\/wp\/v2\/posts\/14611\/revisions"}],"predecessor-version":[{"id":14613,"href":"https:\/\/www.associationdemarie.org\/blog\/wp-json\/wp\/v2\/posts\/14611\/revisions\/14613"}],"wp:attachment":[{"href":"https:\/\/www.associationdemarie.org\/blog\/wp-json\/wp\/v2\/media?parent=14611"}],"wp:term":[{"taxonomy":"category","embeddable":true,"href":"https:\/\/www.associationdemarie.org\/blog\/wp-json\/wp\/v2\/categories?post=14611"},{"taxonomy":"post_tag","embeddable":true,"href":"https:\/\/www.associationdemarie.org\/blog\/wp-json\/wp\/v2\/tags?post=14611"}],"curies":[{"name":"wp","href":"https:\/\/api.w.org\/{rel}","templated":true}]}}