{"id":14574,"date":"2017-04-13T01:09:46","date_gmt":"2017-04-13T00:09:46","guid":{"rendered":"http:\/\/www.associationdemarie.org\/blog\/?p=14574"},"modified":"2017-03-27T19:24:55","modified_gmt":"2017-03-27T18:24:55","slug":"le-jeudi-saint","status":"publish","type":"post","link":"https:\/\/www.associationdemarie.org\/blog\/le-jeudi-saint\/","title":{"rendered":"Le jeudi saint"},"content":{"rendered":"<p><a href=\"https:\/\/www.associationdemarie.org\/blog\/wp-content\/uploads\/2017\/03\/J\u00e9sus-lavant-les-pieds-de-ses-ap\u00f4tres-le-jeudi-saint.jpg\"><img loading=\"lazy\" decoding=\"async\" class=\"aligncenter  wp-image-14575\" src=\"https:\/\/www.associationdemarie.org\/blog\/wp-content\/uploads\/2017\/03\/J\u00e9sus-lavant-les-pieds-de-ses-ap\u00f4tres-le-jeudi-saint.jpg\" alt=\"J\u00e9sus lavant les pieds de ses ap\u00f4tres le jeudi saint\" width=\"400\" height=\"425\" srcset=\"https:\/\/www.associationdemarie.org\/blog\/wp-content\/uploads\/2017\/03\/J\u00e9sus-lavant-les-pieds-de-ses-ap\u00f4tres-le-jeudi-saint.jpg 552w, https:\/\/www.associationdemarie.org\/blog\/wp-content\/uploads\/2017\/03\/J\u00e9sus-lavant-les-pieds-de-ses-ap\u00f4tres-le-jeudi-saint-282x300.jpg 282w\" sizes=\"auto, (max-width: 400px) 100vw, 400px\" \/><\/a><\/p>\n<p>\u00ab Avant la f\u00eate de la P\u00e2que, sachant que l&rsquo;heure \u00e9tait venue pour lui de passer de ce monde \u00e0 son P\u00e8re, J\u00e9sus, ayant aim\u00e9 les siens qui \u00e9taient dans le monde, les aima jusqu&rsquo;au bout \u00bb&#8230; Dans l&rsquo;\u00c9vangile Jean a \u00e9t\u00e9 appel\u00e9 sp\u00e9cialement \u00ab le disciple que J\u00e9sus aimait \u00bb. C&rsquo;est ce disciple qui met ici en lumi\u00e8re par ses paroles combien notre Sauveur, qui aimait tellement Jean, \u00e9tait fid\u00e8le dans son amour.<\/p>\n<p>Car ces paroles sont suivies aussit\u00f4t par le r\u00e9cit de la Passion am\u00e8re du Christ, en commen\u00e7ant par la derni\u00e8re C\u00e8ne, et d&rsquo;abord par l&rsquo;humble service du lavement des pieds rendu par J\u00e9sus \u00e0 ses disciples, et par l&rsquo;envoi du tra\u00eetre au dehors. Viennent ensuite l&rsquo;enseignement de J\u00e9sus, sa pri\u00e8re, son arrestation, son proc\u00e8s, sa flagellation, sa crucifixion et toute la douloureuse trag\u00e9die de sa Passion tr\u00e8s am\u00e8re.<\/p>\n<p>C&rsquo;est avant tout cela que saint Jean cite les paroles rappel\u00e9es \u00e0 l&rsquo;instant, pour faire comprendre que le Christ a accompli tous ces actes par pur amour. Cet amour, il l&rsquo;a bien montr\u00e9 \u00e0 ses disciples lors de la derni\u00e8re C\u00e8ne, lorsqu&rsquo;il leur a affirm\u00e9 qu&rsquo;en s&rsquo;aimant les uns les autres, ils suivraient son exemple (Jn 13,34). Car ceux qu&rsquo;il aimait, il les a aim\u00e9s jusqu&rsquo;au bout, et il souhaitait qu&rsquo;ils fassent de m\u00eame. Il n&rsquo;\u00e9tait pas inconstant, comme tant de gens qui aiment de fa\u00e7on passag\u00e8re, abandonnent \u00e0 la premi\u00e8re occasion, et d&rsquo;amis deviennent ennemis, comme l&rsquo;a fait le tra\u00eetre Judas. J\u00e9sus, lui, a pers\u00e9v\u00e9r\u00e9 dans l&rsquo;amour jusqu&rsquo;au bout, jusqu&rsquo;\u00e0 ce que, pr\u00e9cis\u00e9ment par cet amour, il en soit venu \u00e0 cette extr\u00e9mit\u00e9 douloureuse. Et pas seulement pour ceux qui \u00e9taient d\u00e9j\u00e0 ses amis, mais pour ses ennemis, afin d&rsquo;en faire des amis, non pour son avantage, mais pour le leur.<\/p>\n<p>Saint Thomas More (1478-1535), homme d&rsquo;\u00c9tat anglais, martyr<br \/>\nTrait\u00e9 sur la Passion, 1 (trad. Delhougne, Les P\u00e8res commentent, p. 199 rev.)<\/p>\n<p>&nbsp;<\/p>\n<p>&nbsp;<\/p>\n<p><a href=\"https:\/\/www.associationdemarie.org\/blog\/wp-content\/uploads\/2017\/04\/Psaume-116.png\"><img loading=\"lazy\" decoding=\"async\" class=\"aligncenter  wp-image-14577\" src=\"https:\/\/www.associationdemarie.org\/blog\/wp-content\/uploads\/2017\/04\/Psaume-116.png\" alt=\"Psaume 116\" width=\"426\" height=\"604\" srcset=\"https:\/\/www.associationdemarie.org\/blog\/wp-content\/uploads\/2017\/04\/Psaume-116.png 889w, https:\/\/www.associationdemarie.org\/blog\/wp-content\/uploads\/2017\/04\/Psaume-116-212x300.png 212w, https:\/\/www.associationdemarie.org\/blog\/wp-content\/uploads\/2017\/04\/Psaume-116-722x1024.png 722w\" sizes=\"auto, (max-width: 426px) 100vw, 426px\" \/><\/a><\/p>\n<p>&nbsp;<\/p>\n<p>&nbsp;<\/p>\n<p>&nbsp;<\/p>\n<p>&nbsp;<\/p>\n<p>&nbsp;<\/p>\n<p>&nbsp;<\/p>\n<p>&nbsp;<\/p>\n<p>&nbsp;<\/p>\n","protected":false},"excerpt":{"rendered":"<p>\u00ab Avant la f\u00eate de la P\u00e2que, sachant que l&rsquo;heure \u00e9tait venue pour lui de passer de ce monde \u00e0 son P\u00e8re, J\u00e9sus, ayant aim\u00e9 les siens qui \u00e9taient dans le monde, les aima jusqu&rsquo;au bout \u00bb&#8230; Dans l&rsquo;\u00c9vangile Jean a \u00e9t\u00e9 appel\u00e9 sp\u00e9cialement \u00ab le disciple que J\u00e9sus aimait \u00bb. C&rsquo;est ce disciple qui [&hellip;]<\/p>\n","protected":false},"author":2,"featured_media":0,"comment_status":"closed","ping_status":"closed","sticky":false,"template":"","format":"standard","meta":{"footnotes":""},"categories":[3,1452,13,1261],"tags":[848,972,1269],"class_list":["post-14574","post","type-post","status-publish","format-standard","hentry","category-liturgique","category-careme-2017","category-ecritures","category-enseignement-2","tag-psaume","tag-semaine-sainte","tag-st-thomas-more"],"_links":{"self":[{"href":"https:\/\/www.associationdemarie.org\/blog\/wp-json\/wp\/v2\/posts\/14574","targetHints":{"allow":["GET"]}}],"collection":[{"href":"https:\/\/www.associationdemarie.org\/blog\/wp-json\/wp\/v2\/posts"}],"about":[{"href":"https:\/\/www.associationdemarie.org\/blog\/wp-json\/wp\/v2\/types\/post"}],"author":[{"embeddable":true,"href":"https:\/\/www.associationdemarie.org\/blog\/wp-json\/wp\/v2\/users\/2"}],"replies":[{"embeddable":true,"href":"https:\/\/www.associationdemarie.org\/blog\/wp-json\/wp\/v2\/comments?post=14574"}],"version-history":[{"count":4,"href":"https:\/\/www.associationdemarie.org\/blog\/wp-json\/wp\/v2\/posts\/14574\/revisions"}],"predecessor-version":[{"id":14580,"href":"https:\/\/www.associationdemarie.org\/blog\/wp-json\/wp\/v2\/posts\/14574\/revisions\/14580"}],"wp:attachment":[{"href":"https:\/\/www.associationdemarie.org\/blog\/wp-json\/wp\/v2\/media?parent=14574"}],"wp:term":[{"taxonomy":"category","embeddable":true,"href":"https:\/\/www.associationdemarie.org\/blog\/wp-json\/wp\/v2\/categories?post=14574"},{"taxonomy":"post_tag","embeddable":true,"href":"https:\/\/www.associationdemarie.org\/blog\/wp-json\/wp\/v2\/tags?post=14574"}],"curies":[{"name":"wp","href":"https:\/\/api.w.org\/{rel}","templated":true}]}}