{"id":14492,"date":"2017-03-29T01:24:04","date_gmt":"2017-03-29T00:24:04","guid":{"rendered":"http:\/\/www.associationdemarie.org\/blog\/?p=14492"},"modified":"2017-03-13T06:25:35","modified_gmt":"2017-03-13T05:25:35","slug":"mon-pere-jusqua-maintenant-est-toujours-a-loeuvre-et-moi-aussi-je-suis-a-loeuvre","status":"publish","type":"post","link":"https:\/\/www.associationdemarie.org\/blog\/mon-pere-jusqua-maintenant-est-toujours-a-loeuvre-et-moi-aussi-je-suis-a-loeuvre\/","title":{"rendered":"\u00ab Mon P\u00e8re, jusqu&rsquo;\u00e0 maintenant, est toujours \u00e0 l&rsquo;\u0153uvre, et moi aussi, je suis \u00e0 l&rsquo;\u0153uvre. \u00bb"},"content":{"rendered":"<p><a href=\"https:\/\/www.associationdemarie.org\/blog\/wp-content\/uploads\/2017\/03\/augustin.jpg\"><img loading=\"lazy\" decoding=\"async\" class=\"aligncenter  wp-image-14493\" src=\"https:\/\/www.associationdemarie.org\/blog\/wp-content\/uploads\/2017\/03\/augustin.jpg\" alt=\"augustin\" width=\"359\" height=\"443\" srcset=\"https:\/\/www.associationdemarie.org\/blog\/wp-content\/uploads\/2017\/03\/augustin.jpg 266w, https:\/\/www.associationdemarie.org\/blog\/wp-content\/uploads\/2017\/03\/augustin-243x300.jpg 243w\" sizes=\"auto, (max-width: 359px) 100vw, 359px\" \/><\/a><\/p>\n<p>Nous voudrions expliquer comment sont \u00e9galement vrais deux textes : celui de la Gen\u00e8se o\u00f9 il est \u00e9crit que Dieu se reposa le septi\u00e8me jour de toutes ses \u0153uvres et celui de l&rsquo;\u00c9vangile o\u00f9 le Seigneur, par qui toutes choses ont \u00e9t\u00e9 faites, dit : \u00ab Mon P\u00e8re est \u00e0 l&rsquo;\u0153uvre jusqu&rsquo;\u00e0 maintenant, et moi aussi je suis \u00e0 l&rsquo;\u0153uvre \u00bb&#8230; L&rsquo;observation du sabbat a \u00e9t\u00e9 prescrite aux juifs pour pr\u00e9figurer le repos spirituel que Dieu promettait aux fid\u00e8les qui feraient de bonnes \u0153uvres. Repos dont le Seigneur J\u00e9sus Christ&#8230; a confirm\u00e9 le myst\u00e8re par sa s\u00e9pulture. Car c&rsquo;est le jour du sabbat qu&rsquo;il a repos\u00e9 dans le tombeau&#8230; lorsqu&rsquo;il avait consomm\u00e9 toutes ses \u0153uvres&#8230;<\/p>\n<p>On peut penser que Dieu s&rsquo;est repos\u00e9 d&rsquo;avoir cr\u00e9\u00e9 les divers genres de cr\u00e9atures, parce qu&rsquo;il n&rsquo;a plus cr\u00e9\u00e9 ensuite de nouveaux genres, mais&#8230; que, m\u00eame en ce septi\u00e8me jour, il n&rsquo;a pas cess\u00e9 de gouverner le ciel, la terre et tous les autres \u00eatres qu&rsquo;il avait cr\u00e9\u00e9s ; sinon, ils auraient aussit\u00f4t sombr\u00e9 dans le n\u00e9ant. Car la puissance du Cr\u00e9ateur, la force du Tout-Puissant, est la cause par laquelle subsiste toute cr\u00e9ature&#8230; Il n&rsquo;en est pas en effet de Dieu comme d&rsquo;un architecte : la maison est achev\u00e9e, celui-ci s&rsquo;en va et&#8230; l&rsquo;\u0153uvre subsiste ; au contraire, le monde ne pourrait subsister, ne serait-ce l&rsquo;instant d&rsquo;un clin d&rsquo;\u0153il, si Dieu lui retirait son appui&#8230;<\/p>\n<p>C&rsquo;est ce que dit l&rsquo;ap\u00f4tre Paul quand il est venu annoncer Dieu aux Ath\u00e9niens : \u00ab En lui nous avons la vie, le mouvement et l&rsquo;\u00eatre \u00bb (Ac 17,28)&#8230; En effet, nous ne sommes pas en Dieu comme sa propre substance, au sens o\u00f9 il est dit qu&rsquo;\u00ab il a la vie en lui-m\u00eame \u00bb ; mais, puisque nous sommes autre chose que lui, nous ne pouvons \u00eatre en lui que parce qu&rsquo;il agit ainsi : \u00ab Sa Sagesse s&rsquo;\u00e9tend avec force d&rsquo;un bout du monde \u00e0 l&rsquo;autre et elle gouverne l&rsquo;univers \u00bb (Sg 8,1)&#8230;<\/p>\n<p>Les \u0153uvres bonnes que Dieu a faites (Gn 1,31), nous les voyons ; son repos, nous le verrons apr\u00e8s avoir accompli nos bonnes \u0153uvres.<\/p>\n<p>Saint Augustin (354-430), \u00e9v\u00eaque d&rsquo;Hippone (Afrique du Nord) et docteur de l&rsquo;\u00c9glise<br \/>\nLa Gen\u00e8se au sens litt\u00e9ral, 4, 11-13 [21-24] (trad. Biblioth\u00e8que Augustinienne, t. 48, DDB 1972, p. 307s rev.)<\/p>\n<p>&nbsp;<\/p>\n<p>&nbsp;<\/p>\n<p>&nbsp;<\/p>\n","protected":false},"excerpt":{"rendered":"<p>Nous voudrions expliquer comment sont \u00e9galement vrais deux textes : celui de la Gen\u00e8se o\u00f9 il est \u00e9crit que Dieu se reposa le septi\u00e8me jour de toutes ses \u0153uvres et celui de l&rsquo;\u00c9vangile o\u00f9 le Seigneur, par qui toutes choses ont \u00e9t\u00e9 faites, dit : \u00ab Mon P\u00e8re est \u00e0 l&rsquo;\u0153uvre jusqu&rsquo;\u00e0 maintenant, et moi [&hellip;]<\/p>\n","protected":false},"author":2,"featured_media":0,"comment_status":"closed","ping_status":"closed","sticky":false,"template":"","format":"standard","meta":{"footnotes":""},"categories":[3,1452,16,28],"tags":[184,269,295,448,1012],"class_list":["post-14492","post","type-post","status-publish","format-standard","hentry","category-liturgique","category-careme-2017","category-jardins-de-la-bible","category-saints-et-saintes","tag-careme","tag-creation","tag-dieu","tag-genese","tag-st-augustin"],"_links":{"self":[{"href":"https:\/\/www.associationdemarie.org\/blog\/wp-json\/wp\/v2\/posts\/14492","targetHints":{"allow":["GET"]}}],"collection":[{"href":"https:\/\/www.associationdemarie.org\/blog\/wp-json\/wp\/v2\/posts"}],"about":[{"href":"https:\/\/www.associationdemarie.org\/blog\/wp-json\/wp\/v2\/types\/post"}],"author":[{"embeddable":true,"href":"https:\/\/www.associationdemarie.org\/blog\/wp-json\/wp\/v2\/users\/2"}],"replies":[{"embeddable":true,"href":"https:\/\/www.associationdemarie.org\/blog\/wp-json\/wp\/v2\/comments?post=14492"}],"version-history":[{"count":1,"href":"https:\/\/www.associationdemarie.org\/blog\/wp-json\/wp\/v2\/posts\/14492\/revisions"}],"predecessor-version":[{"id":14494,"href":"https:\/\/www.associationdemarie.org\/blog\/wp-json\/wp\/v2\/posts\/14492\/revisions\/14494"}],"wp:attachment":[{"href":"https:\/\/www.associationdemarie.org\/blog\/wp-json\/wp\/v2\/media?parent=14492"}],"wp:term":[{"taxonomy":"category","embeddable":true,"href":"https:\/\/www.associationdemarie.org\/blog\/wp-json\/wp\/v2\/categories?post=14492"},{"taxonomy":"post_tag","embeddable":true,"href":"https:\/\/www.associationdemarie.org\/blog\/wp-json\/wp\/v2\/tags?post=14492"}],"curies":[{"name":"wp","href":"https:\/\/api.w.org\/{rel}","templated":true}]}}