{"id":14487,"date":"2017-03-28T01:16:02","date_gmt":"2017-03-28T00:16:02","guid":{"rendered":"http:\/\/www.associationdemarie.org\/blog\/?p=14487"},"modified":"2017-03-12T19:17:44","modified_gmt":"2017-03-12T18:17:44","slug":"14487","status":"publish","type":"post","link":"https:\/\/www.associationdemarie.org\/blog\/14487\/","title":{"rendered":"Car\u00eame"},"content":{"rendered":"<p><a href=\"https:\/\/www.associationdemarie.org\/blog\/wp-content\/uploads\/2017\/03\/Psaume-46.png\"><img loading=\"lazy\" decoding=\"async\" class=\"aligncenter wp-image-14488\" src=\"https:\/\/www.associationdemarie.org\/blog\/wp-content\/uploads\/2017\/03\/Psaume-46.png\" alt=\"Psaume 46\" width=\"455\" height=\"645\" srcset=\"https:\/\/www.associationdemarie.org\/blog\/wp-content\/uploads\/2017\/03\/Psaume-46.png 889w, https:\/\/www.associationdemarie.org\/blog\/wp-content\/uploads\/2017\/03\/Psaume-46-212x300.png 212w, https:\/\/www.associationdemarie.org\/blog\/wp-content\/uploads\/2017\/03\/Psaume-46-723x1024.png 723w\" sizes=\"auto, (max-width: 455px) 100vw, 455px\" \/><\/a><\/p>\n<p>&nbsp;<\/p>\n<p>Ce temps de retraite, ce temps de Car\u00eame, cette marche vers P\u00e2ques, doit \u00eatre aussi un temps de relation, d\u2019intimit\u00e9, d\u2019amiti\u00e9 avec le Seigneur. En d\u2019autres termes : un temps de renouvellement de notre pri\u00e8re.<br \/>\nLorsqu\u2019il priait, le cur\u00e9 d\u2019Ars disait : \u00ab Je l\u2019avise et il m\u2019avise. \u00bb Le temps de pri\u00e8re est une vraie discussion avec le Seigneur ; c\u2019est une conversation, il nous r\u00e9pond. Il est important que tout ce qui fait notre vie puisse entrer dans le dialogue de pri\u00e8re, dans ce dialogue avec le Seigneur. Rien de ce que nous vivons n\u2019est \u00e9tranger au souci de Dieu. Ne laissez pas de c\u00f4t\u00e9 une partie de votre vie. Dieu s\u2019int\u00e9resse \u00e0 tout nous-m\u00eames, \u00e0 toute notre vie. Sinon Dieu n\u2019aurait pas pris la condition humaine pour nous sauver.<br \/>\nAvec un ami, on parle, on discute, on \u00e9coute, on est pr\u00e9sent, on regarde\u2026 Aujourd\u2019hui, simplement, durant ce temps de pri\u00e8re, parlez au Seigneur comme \u00e0 un ami. Ouvrez votre c\u0153ur et entrez dans son amour. Regardez-le qui vous regarde et laissez-vous aimer et saisir par lui. Cette contemplation sera votre nourriture.<\/p>\n<p>Mgr J\u00e9r\u00f4me Beau, \u00c9v\u00eaque Auxiliaire de Paris et Directeur de l&rsquo;\u0152uvre des Vocations<br \/>\n\u00ab\u00a0Dieu s&rsquo;int\u00e9resse t-il donc \u00e0 ma vie ?\u00a0\u00bb<\/p>\n<p>&nbsp;<\/p>\n<p>&nbsp;<\/p>\n<p>&nbsp;<\/p>\n","protected":false},"excerpt":{"rendered":"<p>&nbsp; Ce temps de retraite, ce temps de Car\u00eame, cette marche vers P\u00e2ques, doit \u00eatre aussi un temps de relation, d\u2019intimit\u00e9, d\u2019amiti\u00e9 avec le Seigneur. En d\u2019autres termes : un temps de renouvellement de notre pri\u00e8re. Lorsqu\u2019il priait, le cur\u00e9 d\u2019Ars disait : \u00ab Je l\u2019avise et il m\u2019avise. \u00bb Le temps de pri\u00e8re est [&hellip;]<\/p>\n","protected":false},"author":2,"featured_media":0,"comment_status":"closed","ping_status":"closed","sticky":false,"template":"","format":"standard","meta":{"footnotes":""},"categories":[1452,27],"tags":[184,848],"class_list":["post-14487","post","type-post","status-publish","format-standard","hentry","category-careme-2017","category-prieres","tag-careme","tag-psaume"],"_links":{"self":[{"href":"https:\/\/www.associationdemarie.org\/blog\/wp-json\/wp\/v2\/posts\/14487","targetHints":{"allow":["GET"]}}],"collection":[{"href":"https:\/\/www.associationdemarie.org\/blog\/wp-json\/wp\/v2\/posts"}],"about":[{"href":"https:\/\/www.associationdemarie.org\/blog\/wp-json\/wp\/v2\/types\/post"}],"author":[{"embeddable":true,"href":"https:\/\/www.associationdemarie.org\/blog\/wp-json\/wp\/v2\/users\/2"}],"replies":[{"embeddable":true,"href":"https:\/\/www.associationdemarie.org\/blog\/wp-json\/wp\/v2\/comments?post=14487"}],"version-history":[{"count":3,"href":"https:\/\/www.associationdemarie.org\/blog\/wp-json\/wp\/v2\/posts\/14487\/revisions"}],"predecessor-version":[{"id":14491,"href":"https:\/\/www.associationdemarie.org\/blog\/wp-json\/wp\/v2\/posts\/14487\/revisions\/14491"}],"wp:attachment":[{"href":"https:\/\/www.associationdemarie.org\/blog\/wp-json\/wp\/v2\/media?parent=14487"}],"wp:term":[{"taxonomy":"category","embeddable":true,"href":"https:\/\/www.associationdemarie.org\/blog\/wp-json\/wp\/v2\/categories?post=14487"},{"taxonomy":"post_tag","embeddable":true,"href":"https:\/\/www.associationdemarie.org\/blog\/wp-json\/wp\/v2\/tags?post=14487"}],"curies":[{"name":"wp","href":"https:\/\/api.w.org\/{rel}","templated":true}]}}