{"id":14476,"date":"2020-03-22T01:49:19","date_gmt":"2020-03-22T00:49:19","guid":{"rendered":"http:\/\/www.associationdemarie.org\/blog\/?p=14476"},"modified":"2020-03-04T08:30:31","modified_gmt":"2020-03-04T07:30:31","slug":"lettre-de-saint-paul-apotre-aux-ephesiens-58-14","status":"publish","type":"post","link":"https:\/\/www.associationdemarie.org\/blog\/lettre-de-saint-paul-apotre-aux-ephesiens-58-14\/","title":{"rendered":"Lettre de saint Paul Ap\u00f4tre aux \u00c9ph\u00e9siens 5,8-14."},"content":{"rendered":"<p><a href=\"https:\/\/www.associationdemarie.org\/blog\/wp-content\/uploads\/2017\/03\/slider-3.jpg\"><img loading=\"lazy\" decoding=\"async\" class=\"aligncenter wp-image-14477\" src=\"https:\/\/www.associationdemarie.org\/blog\/wp-content\/uploads\/2017\/03\/slider-3.jpg\" alt=\"slider-3\" width=\"473\" height=\"195\" srcset=\"https:\/\/www.associationdemarie.org\/blog\/wp-content\/uploads\/2017\/03\/slider-3.jpg 2200w, https:\/\/www.associationdemarie.org\/blog\/wp-content\/uploads\/2017\/03\/slider-3-300x124.jpg 300w, https:\/\/www.associationdemarie.org\/blog\/wp-content\/uploads\/2017\/03\/slider-3-1024x422.jpg 1024w\" sizes=\"auto, (max-width: 473px) 100vw, 473px\" \/><\/a><\/p>\n<p>Fr\u00e8res, autrefois, vous \u00e9tiez t\u00e9n\u00e8bres ; maintenant, dans le Seigneur, vous \u00eates lumi\u00e8re ; conduisez-vous comme des enfants de lumi\u00e8re<br \/>\n\u2013 or la lumi\u00e8re a pour fruit tout ce qui est bont\u00e9, justice et v\u00e9rit\u00e9 \u2013<br \/>\net sachez reconna\u00eetre ce qui est capable de plaire au Seigneur.<br \/>\nNe prenez aucune part aux activit\u00e9s des t\u00e9n\u00e8bres, elles ne produisent rien de bon ; d\u00e9masquez-les plut\u00f4t.<br \/>\nCe que ces gens-l\u00e0 font en cachette, on a honte m\u00eame d\u2019en parler.<br \/>\nMais tout ce qui est d\u00e9masqu\u00e9 est rendu manifeste par la lumi\u00e8re,<br \/>\net tout ce qui devient manifeste est lumi\u00e8re. C\u2019est pourquoi l\u2019on dit : R\u00e9veille-toi, \u00f4 toi qui dors, rel\u00e8ve-toi d\u2019entre les morts, et le Christ t\u2019illuminera.<\/p>\n<p>&nbsp;<\/p>\n<p>&nbsp;<\/p>\n<p>&nbsp;<\/p>\n","protected":false},"excerpt":{"rendered":"<p>Fr\u00e8res, autrefois, vous \u00e9tiez t\u00e9n\u00e8bres ; maintenant, dans le Seigneur, vous \u00eates lumi\u00e8re ; conduisez-vous comme des enfants de lumi\u00e8re \u2013 or la lumi\u00e8re a pour fruit tout ce qui est bont\u00e9, justice et v\u00e9rit\u00e9 \u2013 et sachez reconna\u00eetre ce qui est capable de plaire au Seigneur. Ne prenez aucune part aux activit\u00e9s des t\u00e9n\u00e8bres, [&hellip;]<\/p>\n","protected":false},"author":2,"featured_media":0,"comment_status":"closed","ping_status":"closed","sticky":false,"template":"","format":"standard","meta":{"footnotes":""},"categories":[3,1452,13,1261,28],"tags":[184,600,1068],"class_list":["post-14476","post","type-post","status-publish","format-standard","hentry","category-liturgique","category-careme-2017","category-ecritures","category-enseignement-2","category-saints-et-saintes","tag-careme","tag-lumiere","tag-st-paul"],"_links":{"self":[{"href":"https:\/\/www.associationdemarie.org\/blog\/wp-json\/wp\/v2\/posts\/14476","targetHints":{"allow":["GET"]}}],"collection":[{"href":"https:\/\/www.associationdemarie.org\/blog\/wp-json\/wp\/v2\/posts"}],"about":[{"href":"https:\/\/www.associationdemarie.org\/blog\/wp-json\/wp\/v2\/types\/post"}],"author":[{"embeddable":true,"href":"https:\/\/www.associationdemarie.org\/blog\/wp-json\/wp\/v2\/users\/2"}],"replies":[{"embeddable":true,"href":"https:\/\/www.associationdemarie.org\/blog\/wp-json\/wp\/v2\/comments?post=14476"}],"version-history":[{"count":2,"href":"https:\/\/www.associationdemarie.org\/blog\/wp-json\/wp\/v2\/posts\/14476\/revisions"}],"predecessor-version":[{"id":18598,"href":"https:\/\/www.associationdemarie.org\/blog\/wp-json\/wp\/v2\/posts\/14476\/revisions\/18598"}],"wp:attachment":[{"href":"https:\/\/www.associationdemarie.org\/blog\/wp-json\/wp\/v2\/media?parent=14476"}],"wp:term":[{"taxonomy":"category","embeddable":true,"href":"https:\/\/www.associationdemarie.org\/blog\/wp-json\/wp\/v2\/categories?post=14476"},{"taxonomy":"post_tag","embeddable":true,"href":"https:\/\/www.associationdemarie.org\/blog\/wp-json\/wp\/v2\/tags?post=14476"}],"curies":[{"name":"wp","href":"https:\/\/api.w.org\/{rel}","templated":true}]}}