{"id":14439,"date":"2017-03-18T01:15:55","date_gmt":"2017-03-18T00:15:55","guid":{"rendered":"http:\/\/www.associationdemarie.org\/blog\/?p=14439"},"modified":"2017-03-03T06:17:47","modified_gmt":"2017-03-03T05:17:47","slug":"ici-je-meurs-de-faim-je-vais-retourner-chez-mon-pere","status":"publish","type":"post","link":"https:\/\/www.associationdemarie.org\/blog\/ici-je-meurs-de-faim-je-vais-retourner-chez-mon-pere\/","title":{"rendered":"\u00ab Ici, je meurs de faim ! Je vais retourner chez mon p\u00e8re. \u00bb"},"content":{"rendered":"<p><a href=\"https:\/\/www.associationdemarie.org\/blog\/wp-content\/uploads\/2017\/03\/275x0_evangile1_34-35.jpg\"><img loading=\"lazy\" decoding=\"async\" class=\"aligncenter  wp-image-14440\" src=\"https:\/\/www.associationdemarie.org\/blog\/wp-content\/uploads\/2017\/03\/275x0_evangile1_34-35.jpg\" alt=\"275x0_evangile1_34-35\" width=\"409\" height=\"491\" srcset=\"https:\/\/www.associationdemarie.org\/blog\/wp-content\/uploads\/2017\/03\/275x0_evangile1_34-35.jpg 275w, https:\/\/www.associationdemarie.org\/blog\/wp-content\/uploads\/2017\/03\/275x0_evangile1_34-35-250x300.jpg 250w\" sizes=\"auto, (max-width: 409px) 100vw, 409px\" \/><\/a><\/p>\n<p>Par o\u00f9 commencer \u00e0 pleurer les \u0153uvres de ma vie ?<br \/>\nQuels seront les premiers accents de ce chant de deuil ?<br \/>\nAccorde-moi, \u00f4 Christ, dans ta mis\u00e9ricorde, le pardon de mes p\u00e9ch\u00e9s&#8230;<\/p>\n<p>Tel le potier p\u00e9trissant l&rsquo;argile,<br \/>\ntu m&rsquo;as donn\u00e9, mon Cr\u00e9ateur, chair et os, souffle et vie.<br \/>\nSeigneur qui m&rsquo;as cr\u00e9\u00e9, mon juge et mon Sauveur,<br \/>\naujourd&rsquo;hui ram\u00e8ne-moi vers toi.<\/p>\n<p>\u00d4 mon Sauveur, devant toi je confesse mes fautes.<br \/>\nJe suis tomb\u00e9 sous les coups de l&rsquo;Ennemi,<br \/>\nVoici les plaies dont mes pens\u00e9es meurtri\u00e8res,<br \/>\ncomme des brigands, ont meurtri mon \u00e2me et mon corps (Lc 10,30s).<\/p>\n<p>J&rsquo;ai p\u00e9ch\u00e9, Sauveur, mais je sais que tu aimes l&rsquo;homme.<br \/>\nC&rsquo;est ta tendresse qui nous ch\u00e2tie<br \/>\net ta mis\u00e9ricorde est ardente.<br \/>\nTu me vois pleurer et tu viens \u00e0 moi<br \/>\ncomme le P\u00e8re accueille le fils prodigue.<\/p>\n<p>D\u00e8s ma jeunesse, \u00f4 mon Sauveur, j&rsquo;ai m\u00e9pris\u00e9 tes commandements.<br \/>\nJ&rsquo;ai pass\u00e9 ma vie dans les passions et l&rsquo;inconscience.<br \/>\nJe crie vers toi : avant que vienne la mort,<br \/>\nsauve-moi&#8230;<\/p>\n<p>Dans le vide j&rsquo;ai dissip\u00e9 le patrimoine de mon \u00e2me.<br \/>\nJe n&rsquo;ai pas les fruits de la ferveur, et j&rsquo;ai faim.<br \/>\nJe crie : P\u00e8re, plein de tendresse, viens \u00e0 moi,<br \/>\nprends moi dans ta mis\u00e9ricorde.<\/p>\n<p>Celui que les voleurs ont assailli (Lc 10,30s),<br \/>\nc&rsquo;est moi au milieu de l&rsquo;\u00e9garement de mes pens\u00e9es.<br \/>\nElles me frappent, elles me blessent.<br \/>\nMais penche-toi sur moi, Christ Sauveur, et gu\u00e9ris-moi.<\/p>\n<p>Le pr\u00eatre me vit et se d\u00e9tourna.<br \/>\nLe l\u00e9vite me vit, nu et souffrant, mais passa outre.<br \/>\nMais toi, J\u00e9sus n\u00e9 de Marie,<br \/>\nTu t&rsquo;arr\u00eates et tu me secours&#8230;<\/p>\n<p>Je me jette \u00e0 tes pieds, J\u00e9sus,<br \/>\nj&rsquo;ai p\u00e9ch\u00e9 contre ton amour.<br \/>\nD\u00e9charge-moi de ce fardeau trop lourd<br \/>\net dans ta mis\u00e9ricorde, accueille-moi.<\/p>\n<p>N&rsquo;entre pas eu jugement avec moi,<br \/>\nne d\u00e9voile pas mes actions,<br \/>\nne scrute pas motifs et d\u00e9sirs.<br \/>\nMais dans ta compassion, \u00f4 Tout Puissant,<br \/>\nferme les yeux sur mes fautes et sauve-moi.<\/p>\n<p>Voici le temps du repentir. Je viens \u00e0 toi.<br \/>\nD\u00e9charge-moi du lourd fardeau de mes p\u00e9ch\u00e9s<br \/>\net, dans ta tendresse, donne-moi les larmes du repentir.<\/p>\n<p>Saint Andr\u00e9 de Cr\u00e8te (660-740), moine et \u00e9v\u00eaque<br \/>\nGrand canon de la liturgie orthodoxe pour le car\u00eame, 1\u00e8re ode (trad. Cl\u00e9ment, DDB 1982, p. 111s)<\/p>\n<p>&nbsp;<\/p>\n<p>&nbsp;<\/p>\n<p>&nbsp;<\/p>\n<p>&nbsp;<\/p>\n","protected":false},"excerpt":{"rendered":"<p>Par o\u00f9 commencer \u00e0 pleurer les \u0153uvres de ma vie ? Quels seront les premiers accents de ce chant de deuil ? Accorde-moi, \u00f4 Christ, dans ta mis\u00e9ricorde, le pardon de mes p\u00e9ch\u00e9s&#8230; Tel le potier p\u00e9trissant l&rsquo;argile, tu m&rsquo;as donn\u00e9, mon Cr\u00e9ateur, chair et os, souffle et vie. Seigneur qui m&rsquo;as cr\u00e9\u00e9, mon juge [&hellip;]<\/p>\n","protected":false},"author":2,"featured_media":0,"comment_status":"closed","ping_status":"closed","sticky":false,"template":"","format":"standard","meta":{"footnotes":""},"categories":[3,1452,13,1261,26],"tags":[418,830,1009],"class_list":["post-14439","post","type-post","status-publish","format-standard","hentry","category-liturgique","category-careme-2017","category-ecritures","category-enseignement-2","category-priere-des-ames","tag-fils-prodigue","tag-priere","tag-st-andre"],"_links":{"self":[{"href":"https:\/\/www.associationdemarie.org\/blog\/wp-json\/wp\/v2\/posts\/14439","targetHints":{"allow":["GET"]}}],"collection":[{"href":"https:\/\/www.associationdemarie.org\/blog\/wp-json\/wp\/v2\/posts"}],"about":[{"href":"https:\/\/www.associationdemarie.org\/blog\/wp-json\/wp\/v2\/types\/post"}],"author":[{"embeddable":true,"href":"https:\/\/www.associationdemarie.org\/blog\/wp-json\/wp\/v2\/users\/2"}],"replies":[{"embeddable":true,"href":"https:\/\/www.associationdemarie.org\/blog\/wp-json\/wp\/v2\/comments?post=14439"}],"version-history":[{"count":1,"href":"https:\/\/www.associationdemarie.org\/blog\/wp-json\/wp\/v2\/posts\/14439\/revisions"}],"predecessor-version":[{"id":14441,"href":"https:\/\/www.associationdemarie.org\/blog\/wp-json\/wp\/v2\/posts\/14439\/revisions\/14441"}],"wp:attachment":[{"href":"https:\/\/www.associationdemarie.org\/blog\/wp-json\/wp\/v2\/media?parent=14439"}],"wp:term":[{"taxonomy":"category","embeddable":true,"href":"https:\/\/www.associationdemarie.org\/blog\/wp-json\/wp\/v2\/categories?post=14439"},{"taxonomy":"post_tag","embeddable":true,"href":"https:\/\/www.associationdemarie.org\/blog\/wp-json\/wp\/v2\/tags?post=14439"}],"curies":[{"name":"wp","href":"https:\/\/api.w.org\/{rel}","templated":true}]}}