{"id":1443,"date":"2010-09-08T11:55:14","date_gmt":"2010-09-08T11:55:14","guid":{"rendered":"http:\/\/preprod.meltem-int.com\/marie\/blog\/?p=1443"},"modified":"2010-09-08T11:55:14","modified_gmt":"2010-09-08T11:55:14","slug":"nativite-de-la-vierge-marie","status":"publish","type":"post","link":"https:\/\/www.associationdemarie.org\/blog\/nativite-de-la-vierge-marie\/","title":{"rendered":"Nativit\u00e9 de la Vierge Marie"},"content":{"rendered":"<p><a href=\"https:\/\/www.associationdemarie.org\/blog\/wp-content\/uploads\/2010\/09\/nativite_de_la_vierge.jpg\"><img loading=\"lazy\" decoding=\"async\" class=\"alignright size-medium wp-image-1444\" title=\"nativite_de_la_vierge\" src=\"https:\/\/www.associationdemarie.org\/blog\/wp-content\/uploads\/2010\/09\/nativite_de_la_vierge-237x300.jpg\" alt=\"\" width=\"237\" height=\"300\" srcset=\"https:\/\/www.associationdemarie.org\/blog\/wp-content\/uploads\/2010\/09\/nativite_de_la_vierge-237x300.jpg 237w, https:\/\/www.associationdemarie.org\/blog\/wp-content\/uploads\/2010\/09\/nativite_de_la_vierge.jpg 475w\" sizes=\"auto, (max-width: 237px) 100vw, 237px\" \/><\/a>Les \u00e9vang\u00e9listes ne nous disent pas o\u00f9 est n\u00e9e Marie. On sait seulement qu&rsquo;elle \u00e9tait parente d&rsquo;Elisabeth qui habitait en Jud\u00e9e. Il n&rsquo;est donc pas impossible qu&rsquo;elle soit elle-m\u00eame originaire de J\u00e9rusalem comme le veut une antique tradition dont on trouve trace dans l&rsquo;\u00e9vangile apocryphe de Jacques, qui nous parle des parents de la Vierge, Joachim et Anne Il existait \u00e9galement et tr\u00e8s anciennement, \u00e0 J\u00e9rusalem, une maison appell\u00e9e \u00ab\u00a0la Maison d&rsquo;Anne.\u00a0\u00bb Pr\u00e8s de cette maison fut \u00e9rig\u00e9e une \u00e9glise dont la d\u00e9dicace eut lieu un 8 septembre.<\/p>\n<p>L&rsquo;anniversaire de cette d\u00e9dicace fut comm\u00e9mor\u00e9 chaque ann\u00e9e. La f\u00eate s&rsquo;\u00e9tendit \u00e0 Constantinople au 5\u00e8me si\u00e8cle puis en Occident. Plus tard, on lui adjoignit la f\u00eate de sa conception, neuf mois auparavant d&rsquo;o\u00f9 le 8 d\u00e9cembre. La Nativit\u00e9 de Marie est une des grandes f\u00eates de l&rsquo;ann\u00e9e liturgique byzantine car elle inaugure l&rsquo;\u00e9conomie du salut et l&rsquo;inscription du Verbe de Dieu dans l&rsquo;histoire des hommes.<\/p>\n","protected":false},"excerpt":{"rendered":"<p>Les \u00e9vang\u00e9listes ne nous disent pas o\u00f9 est n\u00e9e Marie. On sait seulement qu&rsquo;elle \u00e9tait parente d&rsquo;Elisabeth qui habitait en Jud\u00e9e. Il n&rsquo;est donc pas impossible qu&rsquo;elle soit elle-m\u00eame originaire de J\u00e9rusalem comme le veut une antique tradition dont on trouve trace dans l&rsquo;\u00e9vangile apocryphe de Jacques, qui nous parle des parents de la Vierge, [&hellip;]<\/p>\n","protected":false},"author":2,"featured_media":0,"comment_status":"closed","ping_status":"closed","sticky":false,"template":"","format":"standard","meta":{"footnotes":""},"categories":[3,4],"tags":[257,636,1086],"class_list":["post-1443","post","type-post","status-publish","format-standard","hentry","category-liturgique","category-iconographie","tag-constantinople","tag-marie","tag-ste-anne"],"_links":{"self":[{"href":"https:\/\/www.associationdemarie.org\/blog\/wp-json\/wp\/v2\/posts\/1443","targetHints":{"allow":["GET"]}}],"collection":[{"href":"https:\/\/www.associationdemarie.org\/blog\/wp-json\/wp\/v2\/posts"}],"about":[{"href":"https:\/\/www.associationdemarie.org\/blog\/wp-json\/wp\/v2\/types\/post"}],"author":[{"embeddable":true,"href":"https:\/\/www.associationdemarie.org\/blog\/wp-json\/wp\/v2\/users\/2"}],"replies":[{"embeddable":true,"href":"https:\/\/www.associationdemarie.org\/blog\/wp-json\/wp\/v2\/comments?post=1443"}],"version-history":[{"count":0,"href":"https:\/\/www.associationdemarie.org\/blog\/wp-json\/wp\/v2\/posts\/1443\/revisions"}],"wp:attachment":[{"href":"https:\/\/www.associationdemarie.org\/blog\/wp-json\/wp\/v2\/media?parent=1443"}],"wp:term":[{"taxonomy":"category","embeddable":true,"href":"https:\/\/www.associationdemarie.org\/blog\/wp-json\/wp\/v2\/categories?post=1443"},{"taxonomy":"post_tag","embeddable":true,"href":"https:\/\/www.associationdemarie.org\/blog\/wp-json\/wp\/v2\/tags?post=1443"}],"curies":[{"name":"wp","href":"https:\/\/api.w.org\/{rel}","templated":true}]}}