{"id":14429,"date":"2017-03-17T01:00:11","date_gmt":"2017-03-17T00:00:11","guid":{"rendered":"http:\/\/www.associationdemarie.org\/blog\/?p=14429"},"modified":"2017-03-01T18:01:45","modified_gmt":"2017-03-01T17:01:45","slug":"le-mystere-de-la-vigne-de-dieu","status":"publish","type":"post","link":"https:\/\/www.associationdemarie.org\/blog\/le-mystere-de-la-vigne-de-dieu\/","title":{"rendered":"Le myst\u00e8re de la vigne de Dieu"},"content":{"rendered":"<p><a href=\"https:\/\/www.associationdemarie.org\/blog\/wp-content\/uploads\/2017\/03\/jesus-vraie-vigne.jpg.html.jpeg\"><img loading=\"lazy\" decoding=\"async\" class=\"aligncenter  wp-image-14430\" src=\"https:\/\/www.associationdemarie.org\/blog\/wp-content\/uploads\/2017\/03\/jesus-vraie-vigne.jpg.html.jpeg\" alt=\"jesus-vraie-vigne.jpg.html\" width=\"464\" height=\"310\" srcset=\"https:\/\/www.associationdemarie.org\/blog\/wp-content\/uploads\/2017\/03\/jesus-vraie-vigne.jpg.html.jpeg 1200w, https:\/\/www.associationdemarie.org\/blog\/wp-content\/uploads\/2017\/03\/jesus-vraie-vigne.jpg.html-300x200.jpeg 300w, https:\/\/www.associationdemarie.org\/blog\/wp-content\/uploads\/2017\/03\/jesus-vraie-vigne.jpg.html-1024x683.jpeg 1024w\" sizes=\"auto, (max-width: 464px) 100vw, 464px\" \/><\/a><\/p>\n<p>Fr\u00e8res, si dans la vigne du Seigneur nous voyons l&rsquo;\u00c9glise, ce n&rsquo;est pas une mince pr\u00e9rogative de l&rsquo;\u00c9glise que d&rsquo;avoir \u00e9tendu ses limites sur toute la terre&#8230;<\/p>\n<p>J&rsquo;entends par l\u00e0 cette foule des premiers croyants dont il est dit \u00ab qu&rsquo;ils n&rsquo;\u00e9taient tous ensemble qu&rsquo;un c\u0153ur et qu&rsquo;une \u00e2me \u00bb (Ac 4,32)&#8230; Car la pers\u00e9cution ne l&rsquo;a pas si brutalement d\u00e9racin\u00e9e quelle n&rsquo;ait pu \u00eatre replant\u00e9e ailleurs et lou\u00e9e \u00e0 d&rsquo;autres vignerons, qui, la saison venue, lui ont fait porter des fruits. Elle n&rsquo;a pas p\u00e9ri, elle a chang\u00e9 de sol ; mieux, elle y a gagn\u00e9 en force ainsi qu&rsquo;en \u00e9tendue, comme la vigne b\u00e9nie du Seigneur. Fr\u00e8res, levez donc les yeux, et vous verrez \u00ab que son ombre a couvert les collines, que ses pampres sont des c\u00e8dres de Dieu, qu&rsquo;elle a \u00e9tendu ses sarments jusqu&rsquo;\u00e0 la mer et ses rejetons jusqu&rsquo;au fleuve \u00bb (Ps 79,11-12).<\/p>\n<p>Ce n&rsquo;est pas surprenant : elle est l&rsquo;\u00e9difice de Dieu, le champ de Dieu (1Co 3,9). C&rsquo;est lui qui la f\u00e9conde, qui la propage, la taille et l&rsquo;\u00e9monde, afin qu&rsquo;elle produise davantage. Il ne va pas laisser sans soins une vigne que sa main droite a plant\u00e9e (Ps 79,16) ; il ne va pas abandonner une vigne dont les pampres sont les ap\u00f4tres, dont le cep est J\u00e9sus Christ, et dont lui, le P\u00e8re, est le vigneron (Jn 15,1-5). Plant\u00e9e dans la foi, elle plonge ses racines dans la charit\u00e9 ; labour\u00e9e par l&rsquo;ob\u00e9issance, fertilis\u00e9e des larmes du repentir, arros\u00e9e par la parole des pr\u00e9dicateurs, elle regorge d&rsquo;un vin qui inspire la joie et non l&rsquo;inconduite, vin de toute douceur, qui r\u00e9jouit vraiment le c\u0153ur de l&rsquo;homme (Ps 103,15)&#8230; Fille de Sion, console-toi en contemplant ce grand myst\u00e8re ; ne pleure pas ! Ouvre ton c\u0153ur pour accueillir toutes les nations de la terre !<\/p>\n<p>Saint Bernard (1091-1153), moine cistercien et docteur de l&rsquo;\u00c9glise<br \/>\nSermon 30 sur le Cantique des Cantiques (trad. Beguin, Seuil 1953, p. 362 rev.)<\/p>\n<p>&nbsp;<\/p>\n<p>&nbsp;<\/p>\n<p>&nbsp;<\/p>\n","protected":false},"excerpt":{"rendered":"<p>Fr\u00e8res, si dans la vigne du Seigneur nous voyons l&rsquo;\u00c9glise, ce n&rsquo;est pas une mince pr\u00e9rogative de l&rsquo;\u00c9glise que d&rsquo;avoir \u00e9tendu ses limites sur toute la terre&#8230; J&rsquo;entends par l\u00e0 cette foule des premiers croyants dont il est dit \u00ab qu&rsquo;ils n&rsquo;\u00e9taient tous ensemble qu&rsquo;un c\u0153ur et qu&rsquo;une \u00e2me \u00bb (Ac 4,32)&#8230; Car la pers\u00e9cution [&hellip;]<\/p>\n","protected":false},"author":2,"featured_media":0,"comment_status":"closed","ping_status":"closed","sticky":false,"template":"","format":"standard","meta":{"footnotes":""},"categories":[3,1452,13,1261,16,28],"tags":[184,967,1017,1190],"class_list":["post-14429","post","type-post","status-publish","format-standard","hentry","category-liturgique","category-careme-2017","category-ecritures","category-enseignement-2","category-jardins-de-la-bible","category-saints-et-saintes","tag-careme","tag-seigneur","tag-st-bernard","tag-vigne"],"_links":{"self":[{"href":"https:\/\/www.associationdemarie.org\/blog\/wp-json\/wp\/v2\/posts\/14429","targetHints":{"allow":["GET"]}}],"collection":[{"href":"https:\/\/www.associationdemarie.org\/blog\/wp-json\/wp\/v2\/posts"}],"about":[{"href":"https:\/\/www.associationdemarie.org\/blog\/wp-json\/wp\/v2\/types\/post"}],"author":[{"embeddable":true,"href":"https:\/\/www.associationdemarie.org\/blog\/wp-json\/wp\/v2\/users\/2"}],"replies":[{"embeddable":true,"href":"https:\/\/www.associationdemarie.org\/blog\/wp-json\/wp\/v2\/comments?post=14429"}],"version-history":[{"count":2,"href":"https:\/\/www.associationdemarie.org\/blog\/wp-json\/wp\/v2\/posts\/14429\/revisions"}],"predecessor-version":[{"id":14432,"href":"https:\/\/www.associationdemarie.org\/blog\/wp-json\/wp\/v2\/posts\/14429\/revisions\/14432"}],"wp:attachment":[{"href":"https:\/\/www.associationdemarie.org\/blog\/wp-json\/wp\/v2\/media?parent=14429"}],"wp:term":[{"taxonomy":"category","embeddable":true,"href":"https:\/\/www.associationdemarie.org\/blog\/wp-json\/wp\/v2\/categories?post=14429"},{"taxonomy":"post_tag","embeddable":true,"href":"https:\/\/www.associationdemarie.org\/blog\/wp-json\/wp\/v2\/tags?post=14429"}],"curies":[{"name":"wp","href":"https:\/\/api.w.org\/{rel}","templated":true}]}}