{"id":14395,"date":"2017-03-10T01:43:31","date_gmt":"2017-03-10T00:43:31","guid":{"rendered":"http:\/\/www.associationdemarie.org\/blog\/?p=14395"},"modified":"2017-02-22T08:45:32","modified_gmt":"2017-02-22T07:45:32","slug":"si-tu-te-souviens-que-ton-frere-a-quelque-chose-contre-toi-va-te-reconcilier-avec-lui","status":"publish","type":"post","link":"https:\/\/www.associationdemarie.org\/blog\/si-tu-te-souviens-que-ton-frere-a-quelque-chose-contre-toi-va-te-reconcilier-avec-lui\/","title":{"rendered":"\u00ab Si tu te souviens que ton fr\u00e8re a quelque chose contre toi&#8230; va te r\u00e9concilier avec lui. \u00bb"},"content":{"rendered":"<p><a href=\"https:\/\/www.associationdemarie.org\/blog\/wp-content\/uploads\/2014\/07\/reconciliation_by_rebekiss-d5ak1h4.jpg\"><img loading=\"lazy\" decoding=\"async\" class=\"aligncenter  wp-image-9856\" src=\"https:\/\/www.associationdemarie.org\/blog\/wp-content\/uploads\/2014\/07\/reconciliation_by_rebekiss-d5ak1h4.jpg\" alt=\"reconciliation\" width=\"414\" height=\"293\" srcset=\"https:\/\/www.associationdemarie.org\/blog\/wp-content\/uploads\/2014\/07\/reconciliation_by_rebekiss-d5ak1h4.jpg 900w, https:\/\/www.associationdemarie.org\/blog\/wp-content\/uploads\/2014\/07\/reconciliation_by_rebekiss-d5ak1h4-300x212.jpg 300w\" sizes=\"auto, (max-width: 414px) 100vw, 414px\" \/><\/a><\/p>\n<p>\u00ab La mesure avec laquelle vous mesurez servira pour vous mesurer \u00bb (Mt 7,2). Le serviteur \u00e0 qui le ma\u00eetre avait remis toutes ses dettes mais qui n&rsquo;a pas voulu agir de m\u00eame \u00e0 l&rsquo;\u00e9gard d&rsquo;un de ses compagnons, est jet\u00e9 en prison. Il n&rsquo;a pas voulu pardonner \u00e0 son compagnon, et il perd le pardon d\u00e9j\u00e0 acquis de son ma\u00eetre (Mt 18,23s). Dans ses pr\u00e9ceptes, le Christ enseigne cette v\u00e9rit\u00e9 avec une vigueur s\u00e9v\u00e8re. \u00ab Quand vous \u00eates debout pour prier, pardonnez si vous avez quelque chose contre quelqu&rsquo;un, afin que votre P\u00e8re, qui est dans les cieux, vous remette aussi vos p\u00e9ch\u00e9s \u00bb (Mc 11,25).<\/p>\n<p>Dieu a ordonn\u00e9 que nous soyons en paix et en bon accord, que nous vivions unanimes dans sa maison. Il veut que, une fois r\u00e9g\u00e9n\u00e9r\u00e9s, nous sauvegardions la condition o\u00f9 nous a mis cette seconde naissance. Puisque nous sommes enfants de Dieu, il veut que nous demeurions dans la paix de Dieu et, puisque nous avons re\u00e7u un m\u00eame Esprit, que nous vivions dans l&rsquo;unit\u00e9 du c\u0153ur et des pens\u00e9es. C&rsquo;est ainsi que Dieu ne re\u00e7oit pas le sacrifice de ceux qui vivent dans la dissension. Il ordonne que l&rsquo;on s&rsquo;\u00e9loigne de l&rsquo;autel pour se r\u00e9concilier d&rsquo;abord avec son fr\u00e8re, afin que Dieu puisse agr\u00e9er des pri\u00e8res pr\u00e9sent\u00e9es dans la paix. La plus belle offrande que l&rsquo;on puisse faire \u00e0 Dieu c&rsquo;est notre paix, c&rsquo;est l&rsquo;entente fraternelle, c&rsquo;est le peuple rassembl\u00e9 par cette unit\u00e9 qui existe entre le P\u00e8re, le Fils et le Saint-Esprit.<\/p>\n<p>Saint Cyprien (v. 200-258), \u00e9v\u00eaque de Carthage et martyr<br \/>\nLa Pri\u00e8re du Seigneur, 23 (trad. Hamman DDB 1982, p.56 rev.)<\/p>\n<p>&nbsp;<\/p>\n<p>&nbsp;<\/p>\n<p>&nbsp;<\/p>\n","protected":false},"excerpt":{"rendered":"<p>\u00ab La mesure avec laquelle vous mesurez servira pour vous mesurer \u00bb (Mt 7,2). Le serviteur \u00e0 qui le ma\u00eetre avait remis toutes ses dettes mais qui n&rsquo;a pas voulu agir de m\u00eame \u00e0 l&rsquo;\u00e9gard d&rsquo;un de ses compagnons, est jet\u00e9 en prison. Il n&rsquo;a pas voulu pardonner \u00e0 son compagnon, et il perd le [&hellip;]<\/p>\n","protected":false},"author":2,"featured_media":0,"comment_status":"closed","ping_status":"closed","sticky":false,"template":"","format":"standard","meta":{"footnotes":""},"categories":[3,1452,13,1261],"tags":[436,868,1024],"class_list":["post-14395","post","type-post","status-publish","format-standard","hentry","category-liturgique","category-careme-2017","category-ecritures","category-enseignement-2","tag-frere","tag-reconciliation","tag-st-cyprien"],"_links":{"self":[{"href":"https:\/\/www.associationdemarie.org\/blog\/wp-json\/wp\/v2\/posts\/14395","targetHints":{"allow":["GET"]}}],"collection":[{"href":"https:\/\/www.associationdemarie.org\/blog\/wp-json\/wp\/v2\/posts"}],"about":[{"href":"https:\/\/www.associationdemarie.org\/blog\/wp-json\/wp\/v2\/types\/post"}],"author":[{"embeddable":true,"href":"https:\/\/www.associationdemarie.org\/blog\/wp-json\/wp\/v2\/users\/2"}],"replies":[{"embeddable":true,"href":"https:\/\/www.associationdemarie.org\/blog\/wp-json\/wp\/v2\/comments?post=14395"}],"version-history":[{"count":1,"href":"https:\/\/www.associationdemarie.org\/blog\/wp-json\/wp\/v2\/posts\/14395\/revisions"}],"predecessor-version":[{"id":14396,"href":"https:\/\/www.associationdemarie.org\/blog\/wp-json\/wp\/v2\/posts\/14395\/revisions\/14396"}],"wp:attachment":[{"href":"https:\/\/www.associationdemarie.org\/blog\/wp-json\/wp\/v2\/media?parent=14395"}],"wp:term":[{"taxonomy":"category","embeddable":true,"href":"https:\/\/www.associationdemarie.org\/blog\/wp-json\/wp\/v2\/categories?post=14395"},{"taxonomy":"post_tag","embeddable":true,"href":"https:\/\/www.associationdemarie.org\/blog\/wp-json\/wp\/v2\/tags?post=14395"}],"curies":[{"name":"wp","href":"https:\/\/api.w.org\/{rel}","templated":true}]}}