{"id":14386,"date":"2017-03-08T01:42:52","date_gmt":"2017-03-08T00:42:52","guid":{"rendered":"http:\/\/www.associationdemarie.org\/blog\/?p=14386"},"modified":"2017-02-19T07:44:43","modified_gmt":"2017-02-19T06:44:43","slug":"le-mercredi-de-la-1re-semaine-de-careme","status":"publish","type":"post","link":"https:\/\/www.associationdemarie.org\/blog\/le-mercredi-de-la-1re-semaine-de-careme\/","title":{"rendered":"Le mercredi de la 1re semaine de Car\u00eame"},"content":{"rendered":"<p><a href=\"https:\/\/www.associationdemarie.org\/blog\/wp-content\/uploads\/2017\/02\/jonah-and-the-whale-vrl-185371-6155669-full.jpg\"><img loading=\"lazy\" decoding=\"async\" class=\"aligncenter  wp-image-14387\" src=\"https:\/\/www.associationdemarie.org\/blog\/wp-content\/uploads\/2017\/02\/jonah-and-the-whale-vrl-185371-6155669-full.jpg\" alt=\"jonah-and-the-whale-vrl-185371-6155669-full\" width=\"457\" height=\"286\" srcset=\"https:\/\/www.associationdemarie.org\/blog\/wp-content\/uploads\/2017\/02\/jonah-and-the-whale-vrl-185371-6155669-full.jpg 3837w, https:\/\/www.associationdemarie.org\/blog\/wp-content\/uploads\/2017\/02\/jonah-and-the-whale-vrl-185371-6155669-full-300x188.jpg 300w, https:\/\/www.associationdemarie.org\/blog\/wp-content\/uploads\/2017\/02\/jonah-and-the-whale-vrl-185371-6155669-full-1024x642.jpg 1024w\" sizes=\"auto, (max-width: 457px) 100vw, 457px\" \/><\/a><\/p>\n<p>Mes fr\u00e8res, si nous voulons parcourir les diff\u00e9rents \u00e2ges du monde, nous voyons partout la terre couverte des mis\u00e9ricordes du Seigneur, et les hommes envelopp\u00e9s de ses bienfaits. Non, mes fr\u00e8res, ce n&rsquo;est pas le p\u00e9cheur qui revient \u00e0 Dieu pour lui demander pardon ; mais c&rsquo;est Dieu lui-m\u00eame qui court apr\u00e8s le p\u00e9cheur et qui le fait revenir \u00e0 lui&#8230; Il attend les p\u00e9cheurs \u00e0 la p\u00e9nitence, et il les invite par les mouvements int\u00e9rieurs de sa gr\u00e2ce et par la voix de ses ministres.<\/p>\n<p>Voyez comment il se comporte envers Ninive, cette grande ville p\u00e9cheresse. Avant d&rsquo;en punir les habitants, il commande \u00e0 son proph\u00e8te Jonas d&rsquo;aller, de sa part, leur annoncer que, dans quarante jours, il allait les punir. Jonas, au lieu d&rsquo;aller \u00e0 Ninive, s&rsquo;enfuit d&rsquo;un autre c\u00f4t\u00e9. Il veut traverser la mer ; mais, bien loin de laisser les Ninivites sans avertissement avant de les punir, Dieu fait un miracle pour conserver son proph\u00e8te, pendant trois jours et trois nuits dans le sein d&rsquo;une baleine, qui, au bout de trois jours, le vomit sur la terre. Alors le Seigneur dit \u00e0 Jonas : \u00ab Va annoncer \u00e0 la grande ville, que dans quarante jours elle p\u00e9rira \u00bb. Il ne leur donne point de conditions. Le proph\u00e8te, \u00e9tant parti, annon\u00e7a \u00e0 Ninive que dans quarante jours elle allait p\u00e9rir.<\/p>\n<p>\u00c0 cette nouvelle, tous se livrent \u00e0 la p\u00e9nitence et aux larmes, depuis le paysan jusqu&rsquo;au roi. \u00ab Qui sait, leur dit le roi, si le Seigneur n&rsquo;aura pas encore piti\u00e9 de nous ? \u00bb Le Seigneur, les voyant recourir \u00e0 la p\u00e9nitence, semblait se r\u00e9jouir d&rsquo;avoir le plaisir de les pardonner. Jonas, voyant le temps \u00e9chu pour les punir, se retira hors de la ville, afin d&rsquo;attendre que le feu du ciel tomb\u00e2t sur elle. Voyant qu&rsquo;il ne tombait pas : \u00ab Ah ! Seigneur, s&rsquo;\u00e9crie Jonas, est-ce que vous m&rsquo;allez faire passer pour un faux proph\u00e8te ? Faites-moi plut\u00f4t mourir. Ah ! je sais bien que vous \u00eates trop bon, vous ne demandez qu&rsquo;\u00e0 pardonner ! \u2013- Eh quoi ! Jonas, lui dit le Seigneur, tu voudrais que je fisse p\u00e9rir tant de personnes qui se sont humili\u00e9es devant moi ? Oh ! non, non, Jonas, je n&rsquo;en aurais pas le courage ; au contraire, je les aimerai et les conserverai. \u00bb<\/p>\n<p>Saint Jean-Marie Vianney (1786-1859), pr\u00eatre, cur\u00e9 d&rsquo;Ars<br \/>\nSermon pour le 3e dimanche apr\u00e8s la Pentec\u00f4te<\/p>\n<p>&nbsp;<\/p>\n<p>&nbsp;<\/p>\n<p>&nbsp;<\/p>\n<p>&nbsp;<\/p>\n","protected":false},"excerpt":{"rendered":"<p>Mes fr\u00e8res, si nous voulons parcourir les diff\u00e9rents \u00e2ges du monde, nous voyons partout la terre couverte des mis\u00e9ricordes du Seigneur, et les hommes envelopp\u00e9s de ses bienfaits. Non, mes fr\u00e8res, ce n&rsquo;est pas le p\u00e9cheur qui revient \u00e0 Dieu pour lui demander pardon ; mais c&rsquo;est Dieu lui-m\u00eame qui court apr\u00e8s le p\u00e9cheur et [&hellip;]<\/p>\n","protected":false},"author":2,"featured_media":0,"comment_status":"closed","ping_status":"closed","sticky":false,"template":"","format":"standard","meta":{"footnotes":""},"categories":[3,13,1261,28],"tags":[278,528,545,678],"class_list":["post-14386","post","type-post","status-publish","format-standard","hentry","category-liturgique","category-ecritures","category-enseignement-2","category-saints-et-saintes","tag-cure-dars","tag-jean-marie-vianney","tag-jonas","tag-misericorde"],"_links":{"self":[{"href":"https:\/\/www.associationdemarie.org\/blog\/wp-json\/wp\/v2\/posts\/14386","targetHints":{"allow":["GET"]}}],"collection":[{"href":"https:\/\/www.associationdemarie.org\/blog\/wp-json\/wp\/v2\/posts"}],"about":[{"href":"https:\/\/www.associationdemarie.org\/blog\/wp-json\/wp\/v2\/types\/post"}],"author":[{"embeddable":true,"href":"https:\/\/www.associationdemarie.org\/blog\/wp-json\/wp\/v2\/users\/2"}],"replies":[{"embeddable":true,"href":"https:\/\/www.associationdemarie.org\/blog\/wp-json\/wp\/v2\/comments?post=14386"}],"version-history":[{"count":2,"href":"https:\/\/www.associationdemarie.org\/blog\/wp-json\/wp\/v2\/posts\/14386\/revisions"}],"predecessor-version":[{"id":14389,"href":"https:\/\/www.associationdemarie.org\/blog\/wp-json\/wp\/v2\/posts\/14386\/revisions\/14389"}],"wp:attachment":[{"href":"https:\/\/www.associationdemarie.org\/blog\/wp-json\/wp\/v2\/media?parent=14386"}],"wp:term":[{"taxonomy":"category","embeddable":true,"href":"https:\/\/www.associationdemarie.org\/blog\/wp-json\/wp\/v2\/categories?post=14386"},{"taxonomy":"post_tag","embeddable":true,"href":"https:\/\/www.associationdemarie.org\/blog\/wp-json\/wp\/v2\/tags?post=14386"}],"curies":[{"name":"wp","href":"https:\/\/api.w.org\/{rel}","templated":true}]}}