{"id":14378,"date":"2017-03-06T01:21:14","date_gmt":"2017-03-06T00:21:14","guid":{"rendered":"http:\/\/www.associationdemarie.org\/blog\/?p=14378"},"modified":"2017-02-17T08:24:07","modified_gmt":"2017-02-17T07:24:07","slug":"cest-a-moi-que-vous-lavez-fait-2","status":"publish","type":"post","link":"https:\/\/www.associationdemarie.org\/blog\/cest-a-moi-que-vous-lavez-fait-2\/","title":{"rendered":"\u00ab C&rsquo;est \u00e0 moi que vous l&rsquo;avez fait. \u00bb"},"content":{"rendered":"<p>&nbsp;<\/p>\n<p><iframe loading=\"lazy\" title=\"C\u2019est \u00e0 moi que vous l\u2019avez fait\" width=\"500\" height=\"281\" src=\"https:\/\/www.youtube.com\/embed\/fkovUR5gp24?feature=oembed\" frameborder=\"0\" allow=\"accelerometer; autoplay; clipboard-write; encrypted-media; gyroscope; picture-in-picture; web-share\" referrerpolicy=\"strict-origin-when-cross-origin\" allowfullscreen><\/iframe><\/p>\n<p>&nbsp;<\/p>\n<p>Si quelqu&rsquo;un donne une obole \u00e0 quatre-vingt-dix-neuf pauvres, et puis injurie, frappe ou renvoie un seul qui reste les mains vides, sur qui retombe ce traitement, sinon sur celui qui a dit, qui ne cesse de dire, et qui dira un jour : \u00ab Toutes les fois que vous l&rsquo;avez fait \u00e0 l&rsquo;un de ces petits, c&rsquo;est \u00e0 moi que vous l&rsquo;avez fait \u00bb ?&#8230; Il est en effet dans tous ces pauvres, celui qui est nourri par nous en chacun des plus petits. Pareillement, si quelqu&rsquo;un donne aujourd&rsquo;hui \u00e0 tous tout le n\u00e9cessaire et demain, alors qu&rsquo;il peut encore le faire, n\u00e9gligera des fr\u00e8res et les laissera p\u00e9rir de faim et de soif et de froid, c&rsquo;est comme s&rsquo;il avait laiss\u00e9 mourir et m\u00e9pris\u00e9 celui qui a dit : \u00ab Toutes les fois que vous l&rsquo;avez fait \u00e0 l&rsquo;un de ces plus petits, c&rsquo;est \u00e0 moi que vous l&rsquo;avez fait \u00bb&#8230;<\/p>\n<p>Si le Christ a daign\u00e9 prendre le visage de chaque pauvre, s&rsquo;il s&rsquo;est identifi\u00e9 \u00e0 tous les pauvres, c&rsquo;est pour que personne parmi ceux qui croient en lui ne s&rsquo;\u00e9l\u00e8ve au-dessus de son fr\u00e8re&#8230;, mais qu&rsquo;il l&rsquo;accueille comme le Christ, l&rsquo;honore et utilise toutes ses ressources pour son service, comme le Christ a vers\u00e9 tout son sang pour notre salut&#8230; Peut-\u00eatre que tout cela semblera p\u00e9nible \u00e0 beaucoup et il leur semblera raisonnable de se dire : \u00ab Qui peut faire tout cela, soigner et nourrir tous ceux qui en ont besoin et ne n\u00e9gliger personne ? \u00bb Mais qu&rsquo;ils \u00e9coutent saint Paul qui d\u00e9clare : \u00ab La charit\u00e9 du Christ nous presse, quand nous pensons qu&rsquo;un seul est mort pour tous, et qu&rsquo;ainsi tous ont pass\u00e9 par la mort \u00bb (2Co 5,14).<\/p>\n<p>Sym\u00e9on le Nouveau Th\u00e9ologien (v. 949-1022), moine grec<br \/>\nChapitres th\u00e9ologiques, gnostiques et pratiques, \u00a7 92s (trad. SC 51, p. 110 rev.)<\/p>\n<p>&nbsp;<\/p>\n<p>&nbsp;<\/p>\n<p>&nbsp;<\/p>\n<p>&nbsp;<\/p>\n","protected":false},"excerpt":{"rendered":"<p>&nbsp; &nbsp; Si quelqu&rsquo;un donne une obole \u00e0 quatre-vingt-dix-neuf pauvres, et puis injurie, frappe ou renvoie un seul qui reste les mains vides, sur qui retombe ce traitement, sinon sur celui qui a dit, qui ne cesse de dire, et qui dira un jour : \u00ab Toutes les fois que vous l&rsquo;avez fait \u00e0 l&rsquo;un [&hellip;]<\/p>\n","protected":false},"author":2,"featured_media":0,"comment_status":"closed","ping_status":"closed","sticky":false,"template":"","format":"standard","meta":{"footnotes":""},"categories":[3,1452,13,1261],"tags":[184,389,1059,1119],"class_list":["post-14378","post","type-post","status-publish","format-standard","hentry","category-liturgique","category-careme-2017","category-ecritures","category-enseignement-2","tag-careme","tag-evangile","tag-st-matthieu","tag-symeon"],"_links":{"self":[{"href":"https:\/\/www.associationdemarie.org\/blog\/wp-json\/wp\/v2\/posts\/14378","targetHints":{"allow":["GET"]}}],"collection":[{"href":"https:\/\/www.associationdemarie.org\/blog\/wp-json\/wp\/v2\/posts"}],"about":[{"href":"https:\/\/www.associationdemarie.org\/blog\/wp-json\/wp\/v2\/types\/post"}],"author":[{"embeddable":true,"href":"https:\/\/www.associationdemarie.org\/blog\/wp-json\/wp\/v2\/users\/2"}],"replies":[{"embeddable":true,"href":"https:\/\/www.associationdemarie.org\/blog\/wp-json\/wp\/v2\/comments?post=14378"}],"version-history":[{"count":2,"href":"https:\/\/www.associationdemarie.org\/blog\/wp-json\/wp\/v2\/posts\/14378\/revisions"}],"predecessor-version":[{"id":14380,"href":"https:\/\/www.associationdemarie.org\/blog\/wp-json\/wp\/v2\/posts\/14378\/revisions\/14380"}],"wp:attachment":[{"href":"https:\/\/www.associationdemarie.org\/blog\/wp-json\/wp\/v2\/media?parent=14378"}],"wp:term":[{"taxonomy":"category","embeddable":true,"href":"https:\/\/www.associationdemarie.org\/blog\/wp-json\/wp\/v2\/categories?post=14378"},{"taxonomy":"post_tag","embeddable":true,"href":"https:\/\/www.associationdemarie.org\/blog\/wp-json\/wp\/v2\/tags?post=14378"}],"curies":[{"name":"wp","href":"https:\/\/api.w.org\/{rel}","templated":true}]}}