{"id":1434,"date":"2010-09-08T02:44:58","date_gmt":"2010-09-08T02:44:58","guid":{"rendered":"http:\/\/preprod.meltem-int.com\/marie\/blog\/?p=1434"},"modified":"2010-09-08T02:44:58","modified_gmt":"2010-09-08T02:44:58","slug":"les-chretiens-sont-les-plus-persecutes-au-monde","status":"publish","type":"post","link":"https:\/\/www.associationdemarie.org\/blog\/les-chretiens-sont-les-plus-persecutes-au-monde\/","title":{"rendered":"Les chr\u00e9tiens sont les plus pers\u00e9cut\u00e9s au monde"},"content":{"rendered":"<p>Selon un nouveau rapport de l&rsquo;<a rel=\"nofollow\" href=\"http:\/\/www.aed-france.org\/\" target=\"_blank\">AED<\/a>, la pers\u00e9cution des chr\u00e9tiens dans le monde est aujourd&rsquo;hui d&rsquo;actualit\u00e9.\u00a0L&rsquo;Aide \u00e0 l&rsquo;Eglise en D\u00e9tresse (AED) a analys\u00e9 le ph\u00e9nom\u00e8ne de la pers\u00e9cution des chr\u00e9tiens dans un ouvrage intitul\u00e9 \u00ab\u00a0<em>Persecuted and Forgotten? A Report on Christians Oppressed for their Faith 2007\/8\u00a0\u00bb<\/em> (\u00ab\u00a0Pers\u00e9cut\u00e9s et oubli\u00e9s ? Un rapport sur les chr\u00e9tiens opprim\u00e9s pour leur foi 2007\/8\u00a0\u00bb).\u00a0<strong>Cette recherche r\u00e9v\u00e8le une intensification, ces deux derni\u00e8res ann\u00e9es, des violences contre les chr\u00e9tiens dans 17 des 30 pays examin\u00e9s<\/strong>.<\/p>\n<p><a href=\"https:\/\/www.associationdemarie.org\/blog\/wp-content\/uploads\/2010\/09\/pers\u00e9cutions.png\"><img loading=\"lazy\" decoding=\"async\" class=\"aligncenter size-medium wp-image-1435\" title=\"pers\u00e9cutions\" src=\"https:\/\/www.associationdemarie.org\/blog\/wp-content\/uploads\/2010\/09\/pers\u00e9cutions-300x185.png\" alt=\"\" width=\"300\" height=\"185\" srcset=\"https:\/\/www.associationdemarie.org\/blog\/wp-content\/uploads\/2010\/09\/pers\u00e9cutions-300x185.png 300w, https:\/\/www.associationdemarie.org\/blog\/wp-content\/uploads\/2010\/09\/pers\u00e9cutions.png 520w\" sizes=\"auto, (max-width: 300px) 100vw, 300px\" \/><\/a><\/p>\n<p>\u00ab\u00a0<strong>Ce rapport montre que les chr\u00e9tiens sont aujourd&rsquo;hui les plus pers\u00e9cut\u00e9s au monde<\/strong>.\u00a0Les personnes sont conscientes que notre plan\u00e8te conna\u00eet un nombre consid\u00e9rable d&rsquo;abus concernant les droits de l&rsquo;homme, mais ne savent pas toujours que des millions de chr\u00e9tiens sont priv\u00e9s de leurs droits.\u00a0La situation empire car elle \u00e9chappe largement \u00e0 l&rsquo;attention des m\u00e9dias.\u00a0<strong>Nous souffrons d&rsquo;une sorte de \u2018politiquement correct religieux&rsquo;, ce qui revient \u00e0 dire que parler de pers\u00e9cutions\u00a0contre les chr\u00e9tiens n&rsquo;est pas acceptable aujourd&rsquo;hui pour les m\u00e9dias la\u00efcs<\/strong>, ces derniers ne croyant parfois m\u00eame pas aux faits qui leur sont rapport\u00e9s\u00a0\u00bb.<\/p>\n","protected":false},"excerpt":{"rendered":"<p>Selon un nouveau rapport de l&rsquo;AED, la pers\u00e9cution des chr\u00e9tiens dans le monde est aujourd&rsquo;hui d&rsquo;actualit\u00e9.\u00a0L&rsquo;Aide \u00e0 l&rsquo;Eglise en D\u00e9tresse (AED) a analys\u00e9 le ph\u00e9nom\u00e8ne de la pers\u00e9cution des chr\u00e9tiens dans un ouvrage intitul\u00e9 \u00ab\u00a0Persecuted and Forgotten? A Report on Christians Oppressed for their Faith 2007\/8\u00a0\u00bb (\u00ab\u00a0Pers\u00e9cut\u00e9s et oubli\u00e9s ? Un rapport sur les chr\u00e9tiens [&hellip;]<\/p>\n","protected":false},"author":2,"featured_media":0,"comment_status":"closed","ping_status":"closed","sticky":false,"template":"","format":"standard","meta":{"footnotes":""},"categories":[2],"tags":[39,218,797],"class_list":["post-1434","post","type-post","status-publish","format-standard","hentry","category-actualites","tag-actualite","tag-chretiens","tag-persecutions"],"_links":{"self":[{"href":"https:\/\/www.associationdemarie.org\/blog\/wp-json\/wp\/v2\/posts\/1434","targetHints":{"allow":["GET"]}}],"collection":[{"href":"https:\/\/www.associationdemarie.org\/blog\/wp-json\/wp\/v2\/posts"}],"about":[{"href":"https:\/\/www.associationdemarie.org\/blog\/wp-json\/wp\/v2\/types\/post"}],"author":[{"embeddable":true,"href":"https:\/\/www.associationdemarie.org\/blog\/wp-json\/wp\/v2\/users\/2"}],"replies":[{"embeddable":true,"href":"https:\/\/www.associationdemarie.org\/blog\/wp-json\/wp\/v2\/comments?post=1434"}],"version-history":[{"count":0,"href":"https:\/\/www.associationdemarie.org\/blog\/wp-json\/wp\/v2\/posts\/1434\/revisions"}],"wp:attachment":[{"href":"https:\/\/www.associationdemarie.org\/blog\/wp-json\/wp\/v2\/media?parent=1434"}],"wp:term":[{"taxonomy":"category","embeddable":true,"href":"https:\/\/www.associationdemarie.org\/blog\/wp-json\/wp\/v2\/categories?post=1434"},{"taxonomy":"post_tag","embeddable":true,"href":"https:\/\/www.associationdemarie.org\/blog\/wp-json\/wp\/v2\/tags?post=1434"}],"curies":[{"name":"wp","href":"https:\/\/api.w.org\/{rel}","templated":true}]}}