{"id":14308,"date":"2017-02-22T01:58:45","date_gmt":"2017-02-22T00:58:45","guid":{"rendered":"http:\/\/www.associationdemarie.org\/blog\/?p=14308"},"modified":"2017-02-06T18:00:17","modified_gmt":"2017-02-06T17:00:17","slug":"sur-cette-pierre-je-batirai-mon-eglise-2","status":"publish","type":"post","link":"https:\/\/www.associationdemarie.org\/blog\/sur-cette-pierre-je-batirai-mon-eglise-2\/","title":{"rendered":"\u00ab Sur cette pierre, je b\u00e2tirai mon \u00c9glise. \u00bb"},"content":{"rendered":"<p><a href=\"https:\/\/www.associationdemarie.org\/blog\/wp-content\/uploads\/2017\/02\/saint-10.jpg\"><img loading=\"lazy\" decoding=\"async\" class=\"aligncenter  wp-image-14309\" src=\"https:\/\/www.associationdemarie.org\/blog\/wp-content\/uploads\/2017\/02\/saint-10.jpg\" alt=\"saint-10\" width=\"437\" height=\"300\" \/><\/a><\/p>\n<p>Fr\u00e8res, lorsqu&rsquo;il s&rsquo;agit de remplir les devoirs de ma charge \u00e9piscopale, je d\u00e9couvre que je suis \u00e0 la fois faible et l\u00e2che, alourdi par la fragilit\u00e9 de ma propre condition alors que je d\u00e9sire agir avec g\u00e9n\u00e9rosit\u00e9 et courage. Cependant je puise ma force dans l&rsquo;intercession inlassable du Pr\u00eatre tout-puissant et \u00e9ternel qui, semblable \u00e0 nous mais \u00e9gal au P\u00e8re, a abaiss\u00e9 sa divinit\u00e9 jusqu&rsquo;au niveau de l&rsquo;homme et a \u00e9lev\u00e9 l&rsquo;humanit\u00e9 jusqu&rsquo;au niveau de Dieu. Je trouve une joie juste et sainte dans les dispositions qu&rsquo;il a prises. En effet, s&rsquo;il a d\u00e9l\u00e9gu\u00e9 \u00e0 de nombreux pasteurs le soin de son troupeau, il n&rsquo;a pas abandonn\u00e9 la garde de ses brebis bien aim\u00e9es. Gr\u00e2ce \u00e0 cette assistance fondamentale et \u00e9ternelle, j&rsquo;ai re\u00e7u \u00e0 mon tour la protection et l&rsquo;appui de l&rsquo;ap\u00f4tre Pierre qui n&rsquo;abandonne pas sa fonction lui non plus. Ce fondement solide, sur lequel s&rsquo;\u00e9l\u00e8ve toute la hauteur de l&rsquo;\u00c9glise, ne se lasse jamais de porter la masse de l&rsquo;\u00e9difice qui repose sur lui.<\/p>\n<p>Elle ne d\u00e9faille jamais, la fermet\u00e9 de cette foi pour laquelle le premier des ap\u00f4tres a \u00e9t\u00e9 lou\u00e9. De m\u00eame que tout ce que Pierre a profess\u00e9 dans le Christ demeure, de m\u00eame demeure ce que le Christ a \u00e9tabli en Pierre&#8230; La disposition voulue par la v\u00e9rit\u00e9 de Dieu demeure. Saint Pierre pers\u00e9v\u00e8re dans la solidit\u00e9 qu&rsquo;il a re\u00e7ue ; il n&rsquo;a pas abandonn\u00e9 le gouvernail de l&rsquo;\u00c9glise qui a \u00e9t\u00e9 remis entre ses mains. Voil\u00e0, mes fr\u00e8res, ce qu&rsquo;a obtenu cette profession de foi inspir\u00e9e par Dieu le P\u00e8re dans le c\u0153ur de l&rsquo;ap\u00f4tre ; il a re\u00e7u la solidit\u00e9 d&rsquo;une pierre qu&rsquo;aucun assaut ne peut \u00e9branler. Dans l&rsquo;\u00c9glise enti\u00e8re, Pierre dit chaque jour : \u00ab Tu es le Christ, le Fils du Dieu vivant \u00bb.<\/p>\n<p>Saint L\u00e9on le Grand (?-v. 461), pape et docteur de l&rsquo;\u00c9glise<br \/>\nSermon pour l&rsquo;anniversaire de son ordination \u00e9piscopale<\/p>\n<p>&nbsp;<\/p>\n<p>&nbsp;<\/p>\n<p>&nbsp;<\/p>\n<p>&nbsp;<\/p>\n","protected":false},"excerpt":{"rendered":"<p>Fr\u00e8res, lorsqu&rsquo;il s&rsquo;agit de remplir les devoirs de ma charge \u00e9piscopale, je d\u00e9couvre que je suis \u00e0 la fois faible et l\u00e2che, alourdi par la fragilit\u00e9 de ma propre condition alors que je d\u00e9sire agir avec g\u00e9n\u00e9rosit\u00e9 et courage. Cependant je puise ma force dans l&rsquo;intercession inlassable du Pr\u00eatre tout-puissant et \u00e9ternel qui, semblable \u00e0 [&hellip;]<\/p>\n","protected":false},"author":2,"featured_media":0,"comment_status":"closed","ping_status":"closed","sticky":false,"template":"","format":"standard","meta":{"footnotes":""},"categories":[3,28],"tags":[336,1053,1071],"class_list":["post-14308","post","type-post","status-publish","format-standard","hentry","category-liturgique","category-saints-et-saintes","tag-eglise","tag-st-leon-le-grand","tag-st-pierre"],"_links":{"self":[{"href":"https:\/\/www.associationdemarie.org\/blog\/wp-json\/wp\/v2\/posts\/14308","targetHints":{"allow":["GET"]}}],"collection":[{"href":"https:\/\/www.associationdemarie.org\/blog\/wp-json\/wp\/v2\/posts"}],"about":[{"href":"https:\/\/www.associationdemarie.org\/blog\/wp-json\/wp\/v2\/types\/post"}],"author":[{"embeddable":true,"href":"https:\/\/www.associationdemarie.org\/blog\/wp-json\/wp\/v2\/users\/2"}],"replies":[{"embeddable":true,"href":"https:\/\/www.associationdemarie.org\/blog\/wp-json\/wp\/v2\/comments?post=14308"}],"version-history":[{"count":1,"href":"https:\/\/www.associationdemarie.org\/blog\/wp-json\/wp\/v2\/posts\/14308\/revisions"}],"predecessor-version":[{"id":14310,"href":"https:\/\/www.associationdemarie.org\/blog\/wp-json\/wp\/v2\/posts\/14308\/revisions\/14310"}],"wp:attachment":[{"href":"https:\/\/www.associationdemarie.org\/blog\/wp-json\/wp\/v2\/media?parent=14308"}],"wp:term":[{"taxonomy":"category","embeddable":true,"href":"https:\/\/www.associationdemarie.org\/blog\/wp-json\/wp\/v2\/categories?post=14308"},{"taxonomy":"post_tag","embeddable":true,"href":"https:\/\/www.associationdemarie.org\/blog\/wp-json\/wp\/v2\/tags?post=14308"}],"curies":[{"name":"wp","href":"https:\/\/api.w.org\/{rel}","templated":true}]}}