{"id":14285,"date":"2017-02-03T14:55:17","date_gmt":"2017-02-03T13:55:17","guid":{"rendered":"http:\/\/www.associationdemarie.org\/blog\/?p=14285"},"modified":"2017-02-02T19:57:26","modified_gmt":"2017-02-02T18:57:26","slug":"priere-du-vendredi-soir","status":"publish","type":"post","link":"https:\/\/www.associationdemarie.org\/blog\/priere-du-vendredi-soir\/","title":{"rendered":"Pri\u00e8re du vendredi soir"},"content":{"rendered":"<p><a href=\"https:\/\/www.associationdemarie.org\/blog\/wp-content\/uploads\/2017\/02\/CitationMMDHjanv2015.png\"><img loading=\"lazy\" decoding=\"async\" class=\"aligncenter  wp-image-14286\" src=\"https:\/\/www.associationdemarie.org\/blog\/wp-content\/uploads\/2017\/02\/CitationMMDHjanv2015.png\" alt=\"CitationMMDHjanv2015\" width=\"425\" height=\"603\" srcset=\"https:\/\/www.associationdemarie.org\/blog\/wp-content\/uploads\/2017\/02\/CitationMMDHjanv2015.png 888w, https:\/\/www.associationdemarie.org\/blog\/wp-content\/uploads\/2017\/02\/CitationMMDHjanv2015-211x300.png 211w, https:\/\/www.associationdemarie.org\/blog\/wp-content\/uploads\/2017\/02\/CitationMMDHjanv2015-722x1024.png 722w\" sizes=\"auto, (max-width: 425px) 100vw, 425px\" \/><\/a><\/p>\n<p>&nbsp;<\/p>\n<p>&nbsp;<\/p>\n<div class=\"page\" title=\"Page 3\">\n<div class=\"section\">\n<div class=\"layoutArea\">\n<div class=\"column\">\n<p>Mes enfants, continuez \u00e0 prier, continuez surtout \u00e0 prier le vendredi*. Je vous demande de poursuivre cette pri\u00e8re m\u00eame si elle ne dure que dix minutes, faites cette pri\u00e8re.<\/p>\n<p>Je suis Marie, m\u00e8re des hommes, afin qu&rsquo;advienne la r\u00e9conciliation de tous les hommes et de toutes les religions. Tout ceci ne peut se faire que l&rsquo;acception et surtout dans la compr\u00e9hension. Tout ceci sera r\u00e9pandu sur cette terre en temps voulu. Pour le moment, priez pour tous ceux qui sont r\u00e9calcitrants, tous ceux qui cherchent la violence et non la paix. Je vous remercie.<\/p>\n<\/div>\n<\/div>\n<div class=\"layoutArea\">\n<div class=\"column\">\n<p>Marie, m\u00e8re des hommes<\/p>\n<p><span style=\"color: #ffffff;\">.<\/span><br \/>\n* Pri\u00e8re demand\u00e9e par Marie tous les vendredis soirs de 21h30 \u00e0 22h.<\/p>\n<\/div>\n<\/div>\n<\/div>\n<\/div>\n<p>&nbsp;<\/p>\n<p>&nbsp;<\/p>\n<p>&nbsp;<\/p>\n","protected":false},"excerpt":{"rendered":"<p>&nbsp; &nbsp; Mes enfants, continuez \u00e0 prier, continuez surtout \u00e0 prier le vendredi*. Je vous demande de poursuivre cette pri\u00e8re m\u00eame si elle ne dure que dix minutes, faites cette pri\u00e8re. Je suis Marie, m\u00e8re des hommes, afin qu&rsquo;advienne la r\u00e9conciliation de tous les hommes et de toutes les religions. Tout ceci ne peut se [&hellip;]<\/p>\n","protected":false},"author":2,"featured_media":0,"comment_status":"closed","ping_status":"closed","sticky":false,"template":"","format":"standard","meta":{"footnotes":""},"categories":[17,19,27],"tags":[640,830],"class_list":["post-14285","post","type-post","status-publish","format-standard","hentry","category-maison-de-marie-dardouane","category-messages","category-prieres","tag-marie-mere-des-hommes","tag-priere"],"_links":{"self":[{"href":"https:\/\/www.associationdemarie.org\/blog\/wp-json\/wp\/v2\/posts\/14285","targetHints":{"allow":["GET"]}}],"collection":[{"href":"https:\/\/www.associationdemarie.org\/blog\/wp-json\/wp\/v2\/posts"}],"about":[{"href":"https:\/\/www.associationdemarie.org\/blog\/wp-json\/wp\/v2\/types\/post"}],"author":[{"embeddable":true,"href":"https:\/\/www.associationdemarie.org\/blog\/wp-json\/wp\/v2\/users\/2"}],"replies":[{"embeddable":true,"href":"https:\/\/www.associationdemarie.org\/blog\/wp-json\/wp\/v2\/comments?post=14285"}],"version-history":[{"count":2,"href":"https:\/\/www.associationdemarie.org\/blog\/wp-json\/wp\/v2\/posts\/14285\/revisions"}],"predecessor-version":[{"id":14288,"href":"https:\/\/www.associationdemarie.org\/blog\/wp-json\/wp\/v2\/posts\/14285\/revisions\/14288"}],"wp:attachment":[{"href":"https:\/\/www.associationdemarie.org\/blog\/wp-json\/wp\/v2\/media?parent=14285"}],"wp:term":[{"taxonomy":"category","embeddable":true,"href":"https:\/\/www.associationdemarie.org\/blog\/wp-json\/wp\/v2\/categories?post=14285"},{"taxonomy":"post_tag","embeddable":true,"href":"https:\/\/www.associationdemarie.org\/blog\/wp-json\/wp\/v2\/tags?post=14285"}],"curies":[{"name":"wp","href":"https:\/\/api.w.org\/{rel}","templated":true}]}}