{"id":14194,"date":"2017-02-05T01:32:02","date_gmt":"2017-02-05T00:32:02","guid":{"rendered":"http:\/\/www.associationdemarie.org\/blog\/?p=14194"},"modified":"2017-01-21T08:34:49","modified_gmt":"2017-01-21T07:34:49","slug":"elle-brille-pour-tous-ceux-qui-sont-dans-la-maison","status":"publish","type":"post","link":"https:\/\/www.associationdemarie.org\/blog\/elle-brille-pour-tous-ceux-qui-sont-dans-la-maison\/","title":{"rendered":"\u00ab Elle brille pour tous ceux qui sont dans la maison. \u00bb"},"content":{"rendered":"<p><a href=\"https:\/\/www.associationdemarie.org\/blog\/wp-content\/uploads\/2017\/01\/light-of-the-world.jpg\"><img loading=\"lazy\" decoding=\"async\" class=\"aligncenter wp-image-14195\" src=\"https:\/\/www.associationdemarie.org\/blog\/wp-content\/uploads\/2017\/01\/light-of-the-world.jpg\" alt=\"light-of-the-world\" width=\"458\" height=\"305\" srcset=\"https:\/\/www.associationdemarie.org\/blog\/wp-content\/uploads\/2017\/01\/light-of-the-world.jpg 1200w, https:\/\/www.associationdemarie.org\/blog\/wp-content\/uploads\/2017\/01\/light-of-the-world-300x200.jpg 300w, https:\/\/www.associationdemarie.org\/blog\/wp-content\/uploads\/2017\/01\/light-of-the-world-1024x683.jpg 1024w\" sizes=\"auto, (max-width: 458px) 100vw, 458px\" \/><\/a><\/p>\n<p>Remplir le monde de lumi\u00e8re, \u00eatre sel et lumi\u00e8re, c&rsquo;est ainsi que le Seigneur a d\u00e9crit la mission de ses disciples. Porter jusqu&rsquo;aux derniers confins de la terre la bonne nouvelle de l&rsquo;amour de Dieu. C&rsquo;est \u00e0 cela que tous les chr\u00e9tiens doivent consacrer leur vie, d&rsquo;une mani\u00e8re ou d&rsquo;une autre&#8230; La gr\u00e2ce de la foi ne nous a pas \u00e9t\u00e9 conf\u00e9r\u00e9e pour rester cach\u00e9e, mais bien au contraire, pour briller devant les hommes&#8230;<\/p>\n<p>Certains se demanderont peut-\u00eatre comment ils peuvent communiquer cette connaissance du Christ aux autres. Je vous r\u00e9pondrai : avec naturel, avec simplicit\u00e9, en vivant exactement comme vous le faites au milieu du monde, adonn\u00e9s que vous \u00eates \u00e0 votre travail professionnel et au soin de votre famille, en prenant part \u00e0 toutes les aspirations nobles des hommes, en respectant la l\u00e9gitime libert\u00e9 de chacun&#8230; La vie ordinaire peut \u00eatre sainte et remplie de Dieu, le Seigneur nous appelle \u00e0 sanctifier nos t\u00e2ches habituelles, parce que l\u00e0 aussi r\u00e9side la perfection chr\u00e9tienne.<\/p>\n<p>N&rsquo;oublions pas que la presque totalit\u00e9 des journ\u00e9es que Marie a pass\u00e9es sur cette terre se sont d\u00e9roul\u00e9es d&rsquo;une mani\u00e8re bien semblable aux journ\u00e9es de millions d&rsquo;autres femmes, consacr\u00e9es elles aussi \u00e0 leur famille, \u00e0 l&rsquo;\u00e9ducation de leurs enfants, aux t\u00e2ches du foyer. De tout cela, Marie sanctifie jusqu&rsquo;au plus petit d\u00e9tail, \u00e0 ce que beaucoup consid\u00e8rent \u00e0 tort comme insignifiant et sans valeur&#8230; Vie ordinaire b\u00e9nie, qui peut \u00eatre tellement pleine d&rsquo;amour de Dieu ! Car voil\u00e0 ce qui explique la vie de Marie : son amour, pouss\u00e9 jusqu&rsquo;\u00e0 l&rsquo;oubli de soi, toute contente qu&rsquo;elle \u00e9tait de se trouver \u00e0 sa place, l\u00e0 o\u00f9 Dieu la voulait. C&rsquo;est pourquoi le plus petit de ses gestes n&rsquo;est jamais banal, mais appara\u00eet, au contraire, comme plein de signification&#8230; Il nous appartient d&rsquo;essayer d&rsquo;\u00eatre comme elle, dans les circonstances pr\u00e9cises o\u00f9 Dieu a voulu que nous vivions.<\/p>\n<p>Saint Jos\u00e9maria Escriva de Balaguer (1902-1975), pr\u00eatre, fondateur<br \/>\nHom\u00e9lie du 4\/5\/57 in Es Cristo que pasa \u00a7 148 (trad. Quand le Christ passe, Le Laurier 1989, p. 264)<\/p>\n<p>&nbsp;<\/p>\n<p>&nbsp;<\/p>\n<p>&nbsp;<\/p>\n<p>&nbsp;<\/p>\n","protected":false},"excerpt":{"rendered":"<p>Remplir le monde de lumi\u00e8re, \u00eatre sel et lumi\u00e8re, c&rsquo;est ainsi que le Seigneur a d\u00e9crit la mission de ses disciples. Porter jusqu&rsquo;aux derniers confins de la terre la bonne nouvelle de l&rsquo;amour de Dieu. C&rsquo;est \u00e0 cela que tous les chr\u00e9tiens doivent consacrer leur vie, d&rsquo;une mani\u00e8re ou d&rsquo;une autre&#8230; La gr\u00e2ce de la [&hellip;]<\/p>\n","protected":false},"author":2,"featured_media":0,"comment_status":"closed","ping_status":"closed","sticky":false,"template":"","format":"standard","meta":{"footnotes":""},"categories":[3,13,1261],"tags":[600,1217,1189],"class_list":["post-14194","post","type-post","status-publish","format-standard","hentry","category-liturgique","category-ecritures","category-enseignement-2","tag-lumiere","tag-st-josemaria-escriva-de-balaguer","tag-vierge-marie"],"_links":{"self":[{"href":"https:\/\/www.associationdemarie.org\/blog\/wp-json\/wp\/v2\/posts\/14194","targetHints":{"allow":["GET"]}}],"collection":[{"href":"https:\/\/www.associationdemarie.org\/blog\/wp-json\/wp\/v2\/posts"}],"about":[{"href":"https:\/\/www.associationdemarie.org\/blog\/wp-json\/wp\/v2\/types\/post"}],"author":[{"embeddable":true,"href":"https:\/\/www.associationdemarie.org\/blog\/wp-json\/wp\/v2\/users\/2"}],"replies":[{"embeddable":true,"href":"https:\/\/www.associationdemarie.org\/blog\/wp-json\/wp\/v2\/comments?post=14194"}],"version-history":[{"count":2,"href":"https:\/\/www.associationdemarie.org\/blog\/wp-json\/wp\/v2\/posts\/14194\/revisions"}],"predecessor-version":[{"id":14197,"href":"https:\/\/www.associationdemarie.org\/blog\/wp-json\/wp\/v2\/posts\/14194\/revisions\/14197"}],"wp:attachment":[{"href":"https:\/\/www.associationdemarie.org\/blog\/wp-json\/wp\/v2\/media?parent=14194"}],"wp:term":[{"taxonomy":"category","embeddable":true,"href":"https:\/\/www.associationdemarie.org\/blog\/wp-json\/wp\/v2\/categories?post=14194"},{"taxonomy":"post_tag","embeddable":true,"href":"https:\/\/www.associationdemarie.org\/blog\/wp-json\/wp\/v2\/tags?post=14194"}],"curies":[{"name":"wp","href":"https:\/\/api.w.org\/{rel}","templated":true}]}}