{"id":14178,"date":"2017-02-03T01:22:43","date_gmt":"2017-02-03T00:22:43","guid":{"rendered":"http:\/\/www.associationdemarie.org\/blog\/?p=14178"},"modified":"2017-01-16T06:24:18","modified_gmt":"2017-01-16T05:24:18","slug":"jean-baptiste-martyr-de-la-verite","status":"publish","type":"post","link":"https:\/\/www.associationdemarie.org\/blog\/jean-baptiste-martyr-de-la-verite\/","title":{"rendered":"Jean Baptiste, martyr de la v\u00e9rit\u00e9"},"content":{"rendered":"<p><a href=\"https:\/\/www.associationdemarie.org\/blog\/wp-content\/uploads\/2017\/01\/John-Baptist-Baptism-Jesus-Mormon1.jpg\"><img loading=\"lazy\" decoding=\"async\" class=\"aligncenter  wp-image-14179\" src=\"https:\/\/www.associationdemarie.org\/blog\/wp-content\/uploads\/2017\/01\/John-Baptist-Baptism-Jesus-Mormon1.jpg\" alt=\"John-Baptist-Baptism-Jesus-Mormon1\" width=\"368\" height=\"486\" srcset=\"https:\/\/www.associationdemarie.org\/blog\/wp-content\/uploads\/2017\/01\/John-Baptist-Baptism-Jesus-Mormon1.jpg 606w, https:\/\/www.associationdemarie.org\/blog\/wp-content\/uploads\/2017\/01\/John-Baptist-Baptism-Jesus-Mormon1-227x300.jpg 227w\" sizes=\"auto, (max-width: 368px) 100vw, 368px\" \/><\/a><\/p>\n<p>Il n&rsquo;y a aucun doute que saint Jean Baptiste a subi la prison pour notre R\u00e9dempteur qu&rsquo;il pr\u00e9c\u00e9dait par son t\u00e9moignage, que c&rsquo;est pour lui qu&rsquo;il a donn\u00e9 sa vie. Car si son pers\u00e9cuteur ne lui a pas demand\u00e9 de nier le Christ, mais de taire la v\u00e9rit\u00e9, c&rsquo;est cependant pour le Christ qu&rsquo;il est mort. Le Christ lui-m\u00eame a dit en effet : \u00ab Je suis la v\u00e9rit\u00e9 \u00bb (Jn 14,6). Puisque c&rsquo;est pour la v\u00e9rit\u00e9 qu&rsquo;il a r\u00e9pandu son sang, c&rsquo;est donc pour le Christ. En naissant, Jean avait t\u00e9moign\u00e9 que le Christ allait na\u00eetre ; en pr\u00eachant, il avait t\u00e9moign\u00e9 que le Christ allait pr\u00eacher ; en baptisant, qu&rsquo;il allait baptiser. En souffrant le premier sa passion, il signifiait que le Christ devait lui aussi la souffrir&#8230;<\/p>\n<p>Cet homme si grand est parvenu donc au terme de sa vie par l&rsquo;effusion de son sang apr\u00e8s une captivit\u00e9 longue et p\u00e9nible. Lui qui avait annonc\u00e9 la bonne nouvelle de la libert\u00e9 d&rsquo;une paix sup\u00e9rieure est jet\u00e9 en prison par des impies. Il est enferm\u00e9 dans l&rsquo;obscurit\u00e9 d&rsquo;un cachot, lui \u00ab qui \u00e9tait venu rendre t\u00e9moignage \u00e0 la lumi\u00e8re \u00bb (Jn 1,7)&#8230; Celui \u00e0 qui il a \u00e9t\u00e9 donn\u00e9 de baptiser le R\u00e9dempteur du monde, d&rsquo;entendre la voix du P\u00e8re s&rsquo;adresser au Christ et de voir descendre sur lui la gr\u00e2ce du Saint Esprit est baptis\u00e9 par son propre sang.<\/p>\n<p>L&rsquo;ap\u00f4tre Paul l&rsquo;a bien dit : \u00ab Il vous a \u00e9t\u00e9 accord\u00e9 par le Christ, non seulement de croire en lui, mais encore de souffrir pour lui \u00bb (Ph 1,29). Et s&rsquo;il dit que souffrir pour le Christ est un don de celui-ci \u00e0 ses \u00e9lus, c&rsquo;est parce que comme il le dit ailleurs : \u00ab Il n&rsquo;y a pas de commune mesure entre les souffrances du temps pr\u00e9sent et la gloire \u00e0 venir qui va se r\u00e9v\u00e9ler en nous \u00bb (Rm 8,18).<\/p>\n<p>Saint B\u00e8de le V\u00e9n\u00e9rable (v. 673-735), moine, docteur de l&rsquo;\u00c9glise<br \/>\nHom\u00e9lie 23 (livre 2) ; CCL 122, 354s (trad. Orval rev.)<\/p>\n<p>&nbsp;<\/p>\n<p>&nbsp;<\/p>\n<p>&nbsp;<\/p>\n","protected":false},"excerpt":{"rendered":"<p>Il n&rsquo;y a aucun doute que saint Jean Baptiste a subi la prison pour notre R\u00e9dempteur qu&rsquo;il pr\u00e9c\u00e9dait par son t\u00e9moignage, que c&rsquo;est pour lui qu&rsquo;il a donn\u00e9 sa vie. Car si son pers\u00e9cuteur ne lui a pas demand\u00e9 de nier le Christ, mais de taire la v\u00e9rit\u00e9, c&rsquo;est cependant pour le Christ qu&rsquo;il est [&hellip;]<\/p>\n","protected":false},"author":2,"featured_media":0,"comment_status":"closed","ping_status":"closed","sticky":false,"template":"","format":"standard","meta":{"footnotes":""},"categories":[3,28],"tags":[220,1015,1042],"class_list":["post-14178","post","type-post","status-publish","format-standard","hentry","category-liturgique","category-saints-et-saintes","tag-christ","tag-st-bede","tag-st-jean-baptiste"],"_links":{"self":[{"href":"https:\/\/www.associationdemarie.org\/blog\/wp-json\/wp\/v2\/posts\/14178","targetHints":{"allow":["GET"]}}],"collection":[{"href":"https:\/\/www.associationdemarie.org\/blog\/wp-json\/wp\/v2\/posts"}],"about":[{"href":"https:\/\/www.associationdemarie.org\/blog\/wp-json\/wp\/v2\/types\/post"}],"author":[{"embeddable":true,"href":"https:\/\/www.associationdemarie.org\/blog\/wp-json\/wp\/v2\/users\/2"}],"replies":[{"embeddable":true,"href":"https:\/\/www.associationdemarie.org\/blog\/wp-json\/wp\/v2\/comments?post=14178"}],"version-history":[{"count":1,"href":"https:\/\/www.associationdemarie.org\/blog\/wp-json\/wp\/v2\/posts\/14178\/revisions"}],"predecessor-version":[{"id":14180,"href":"https:\/\/www.associationdemarie.org\/blog\/wp-json\/wp\/v2\/posts\/14178\/revisions\/14180"}],"wp:attachment":[{"href":"https:\/\/www.associationdemarie.org\/blog\/wp-json\/wp\/v2\/media?parent=14178"}],"wp:term":[{"taxonomy":"category","embeddable":true,"href":"https:\/\/www.associationdemarie.org\/blog\/wp-json\/wp\/v2\/categories?post=14178"},{"taxonomy":"post_tag","embeddable":true,"href":"https:\/\/www.associationdemarie.org\/blog\/wp-json\/wp\/v2\/tags?post=14178"}],"curies":[{"name":"wp","href":"https:\/\/api.w.org\/{rel}","templated":true}]}}