{"id":14174,"date":"2017-02-02T01:34:03","date_gmt":"2017-02-02T00:34:03","guid":{"rendered":"http:\/\/www.associationdemarie.org\/blog\/?p=14174"},"modified":"2017-01-15T19:35:41","modified_gmt":"2017-01-15T18:35:41","slug":"presentation-du-seigneur-au-temple-fete-6","status":"publish","type":"post","link":"https:\/\/www.associationdemarie.org\/blog\/presentation-du-seigneur-au-temple-fete-6\/","title":{"rendered":"Pr\u00e9sentation du Seigneur au Temple, f\u00eate"},"content":{"rendered":"<p><a href=\"https:\/\/www.associationdemarie.org\/blog\/wp-content\/uploads\/2017\/01\/ob_1002d4_presentation-du-seigneur-au-temple.jpg\"><img loading=\"lazy\" decoding=\"async\" class=\"aligncenter  wp-image-14175\" src=\"https:\/\/www.associationdemarie.org\/blog\/wp-content\/uploads\/2017\/01\/ob_1002d4_presentation-du-seigneur-au-temple.jpg\" alt=\"ob_1002d4_presentation-du-seigneur-au-temple\" width=\"462\" height=\"312\" srcset=\"https:\/\/www.associationdemarie.org\/blog\/wp-content\/uploads\/2017\/01\/ob_1002d4_presentation-du-seigneur-au-temple.jpg 600w, https:\/\/www.associationdemarie.org\/blog\/wp-content\/uploads\/2017\/01\/ob_1002d4_presentation-du-seigneur-au-temple-300x203.jpg 300w\" sizes=\"auto, (max-width: 462px) 100vw, 462px\" \/><\/a><\/p>\n<p>Aujourd&rsquo;hui la Vierge M\u00e8re introduit le Seigneur du temple dans le temple du Seigneur. Joseph aussi y am\u00e8ne au Seigneur ce fils qui n&rsquo;est pas le sien, mais le Fils bien-aim\u00e9 en qui Dieu a mis toute sa faveur (Mt 3,17). Sym\u00e9on, le juste, reconna\u00eet celui qu&rsquo;il attendait ; Anne, la veuve, le loue. Une premi\u00e8re procession est c\u00e9l\u00e9br\u00e9e en ce jour par ces quatre personnages, une procession qui, par la suite, allait \u00eatre c\u00e9l\u00e9br\u00e9e dans la joie par l&rsquo;univers entier&#8230; Ne vous \u00e9tonnez pas de ce que cette procession est si petite, puisqu&rsquo;il est bien petit aussi celui que le temple re\u00e7oit. Mais en ce lieu, il n&rsquo;y a pas de p\u00e9cheur : tous sont justes, tous sont saints, tous sont parfaits.<\/p>\n<p>Ne sauveras-tu que ceux-l\u00e0, Seigneur ? Ton corps va grandir, ta tendresse elle aussi grandira&#8230; Je vois maintenant une seconde procession o\u00f9 des foules pr\u00e9c\u00e8dent le Seigneur, o\u00f9 des foules le suivent ; ce n&rsquo;est plus la Vierge qui la porte, mais un petit \u00e2ne. Il ne d\u00e9daigne donc personne&#8230;, si du moins il ne leur manque pas ces v\u00eatements des ap\u00f4tres (Mt 21,7) : leur doctrine, leur m\u0153urs, et la charit\u00e9 qui couvre une multitude de p\u00e9ch\u00e9s (1P 4,8). Mais j&rsquo;irai plus loin et je dirai qu&rsquo;\u00e0 nous aussi, il nous a r\u00e9serv\u00e9 une place dans cette procession-l\u00e0&#8230; David, roi et proph\u00e8te, s&rsquo;est r\u00e9joui de voir ce jour. \u00ab Il l&rsquo;a vu et s&rsquo;en est r\u00e9joui \u00bb (Jn 8,56) ; sinon aurait-il chant\u00e9 : \u00ab Nous avons re\u00e7u ta mis\u00e9ricorde, \u00f4 Dieu, au milieu de ton temple \u00bb ? (Ps 47,8) David a re\u00e7u cette mis\u00e9ricorde du Seigneur, Sym\u00e9on l&rsquo;a re\u00e7ue, et nous aussi nous l&rsquo;avons re\u00e7ue, comme tous ceux qui sont pr\u00e9destin\u00e9s \u00e0 la vie, puisque \u00ab le Christ est le m\u00eame hier, aujourd&rsquo;hui et pour toujours \u00bb (He 13,8)&#8230;<\/p>\n<p>Embrassons donc cette mis\u00e9ricorde que nous avons re\u00e7ue au milieu du temple, et comme la bienheureuse Anne, ne nous en \u00e9loignons pas. Car \u00ab le temple de Dieu est saint, et ce temple, c&rsquo;est vous \u00bb dit l&rsquo;ap\u00f4tre Paul (1Co 3,17). Elle est proche de vous cette mis\u00e9ricorde ; \u00ab elle est proche de vous, la parole de Dieu, dans votre bouche et dans votre c\u0153ur \u00bb (Rm 10,8). De fait, le Christ n&rsquo;habite-t-il pas dans vos c\u0153urs par la foi ? (Ep 3,17) Voil\u00e0 son temple, voil\u00e0 son tr\u00f4ne&#8230; Oui, c&rsquo;est dans le c\u0153ur que nous recevons la mis\u00e9ricorde, c&rsquo;est dans le c\u0153ur qu&rsquo;habite le Christ, c&rsquo;est dans le c\u0153ur qu&rsquo;il murmure des paroles de paix \u00e0 son peuple, \u00e0 ses saints, \u00e0 tous ceux qui rentrent dans leur c\u0153ur.<\/p>\n<p>Saint Bernard (1091-1153), moine cistercien et docteur de l&rsquo;\u00c9glise<br \/>\n1er sermon pour la Purification (trad. Br\u00e9sard, 2000 ans A, p. 272 rev.)<\/p>\n<p>&nbsp;<\/p>\n<p>&nbsp;<\/p>\n<p>&nbsp;<\/p>\n","protected":false},"excerpt":{"rendered":"<p>Aujourd&rsquo;hui la Vierge M\u00e8re introduit le Seigneur du temple dans le temple du Seigneur. Joseph aussi y am\u00e8ne au Seigneur ce fils qui n&rsquo;est pas le sien, mais le Fils bien-aim\u00e9 en qui Dieu a mis toute sa faveur (Mt 3,17). Sym\u00e9on, le juste, reconna\u00eet celui qu&rsquo;il attendait ; Anne, la veuve, le loue. Une [&hellip;]<\/p>\n","protected":false},"author":2,"featured_media":0,"comment_status":"closed","ping_status":"closed","sticky":false,"template":"","format":"standard","meta":{"footnotes":""},"categories":[3,13,1261,28],"tags":[824,1017,1093],"class_list":["post-14174","post","type-post","status-publish","format-standard","hentry","category-liturgique","category-ecritures","category-enseignement-2","category-saints-et-saintes","tag-presentation-de-jesus","tag-st-bernard","tag-ste-famille"],"_links":{"self":[{"href":"https:\/\/www.associationdemarie.org\/blog\/wp-json\/wp\/v2\/posts\/14174","targetHints":{"allow":["GET"]}}],"collection":[{"href":"https:\/\/www.associationdemarie.org\/blog\/wp-json\/wp\/v2\/posts"}],"about":[{"href":"https:\/\/www.associationdemarie.org\/blog\/wp-json\/wp\/v2\/types\/post"}],"author":[{"embeddable":true,"href":"https:\/\/www.associationdemarie.org\/blog\/wp-json\/wp\/v2\/users\/2"}],"replies":[{"embeddable":true,"href":"https:\/\/www.associationdemarie.org\/blog\/wp-json\/wp\/v2\/comments?post=14174"}],"version-history":[{"count":2,"href":"https:\/\/www.associationdemarie.org\/blog\/wp-json\/wp\/v2\/posts\/14174\/revisions"}],"predecessor-version":[{"id":14177,"href":"https:\/\/www.associationdemarie.org\/blog\/wp-json\/wp\/v2\/posts\/14174\/revisions\/14177"}],"wp:attachment":[{"href":"https:\/\/www.associationdemarie.org\/blog\/wp-json\/wp\/v2\/media?parent=14174"}],"wp:term":[{"taxonomy":"category","embeddable":true,"href":"https:\/\/www.associationdemarie.org\/blog\/wp-json\/wp\/v2\/categories?post=14174"},{"taxonomy":"post_tag","embeddable":true,"href":"https:\/\/www.associationdemarie.org\/blog\/wp-json\/wp\/v2\/tags?post=14174"}],"curies":[{"name":"wp","href":"https:\/\/api.w.org\/{rel}","templated":true}]}}