{"id":14154,"date":"2017-01-27T02:10:17","date_gmt":"2017-01-27T01:10:17","guid":{"rendered":"http:\/\/www.associationdemarie.org\/blog\/?p=14154"},"modified":"2017-01-10T20:12:45","modified_gmt":"2017-01-10T19:12:45","slug":"si-bien-que-les-oiseaux-du-ciel-peuvent-faire-leur-nid-a-son-ombre","status":"publish","type":"post","link":"https:\/\/www.associationdemarie.org\/blog\/si-bien-que-les-oiseaux-du-ciel-peuvent-faire-leur-nid-a-son-ombre\/","title":{"rendered":"\u00ab Si bien que les oiseaux du ciel peuvent faire leur nid \u00e0 son ombre. \u00bb"},"content":{"rendered":"<p><a href=\"https:\/\/www.associationdemarie.org\/blog\/wp-content\/uploads\/2017\/01\/518192_derevo_zima_priroda_sneg_5600x3726_www.GdeFon.ru_.jpg\"><img loading=\"lazy\" decoding=\"async\" class=\"aligncenter  wp-image-14155\" src=\"https:\/\/www.associationdemarie.org\/blog\/wp-content\/uploads\/2017\/01\/518192_derevo_zima_priroda_sneg_5600x3726_www.GdeFon.ru_.jpg\" alt=\"518192_derevo_zima_priroda_sneg_5600x3726_www-gdefon-ru\" width=\"469\" height=\"312\" srcset=\"https:\/\/www.associationdemarie.org\/blog\/wp-content\/uploads\/2017\/01\/518192_derevo_zima_priroda_sneg_5600x3726_www.GdeFon.ru_.jpg 1600w, https:\/\/www.associationdemarie.org\/blog\/wp-content\/uploads\/2017\/01\/518192_derevo_zima_priroda_sneg_5600x3726_www.GdeFon.ru_-300x200.jpg 300w, https:\/\/www.associationdemarie.org\/blog\/wp-content\/uploads\/2017\/01\/518192_derevo_zima_priroda_sneg_5600x3726_www.GdeFon.ru_-1024x682.jpg 1024w\" sizes=\"auto, (max-width: 469px) 100vw, 469px\" \/><\/a><\/p>\n<p>Le Seigneur lui-m\u00eame est un grain de moutarde&#8230; Si le Christ est un grain de moutarde, comment est-il le plus petit et comment grandit-il ? Ce n&rsquo;est pas en sa nature, mais selon son apparence qu&rsquo;il redevient grand. Vous voulez savoir comment il est le moindre ? \u00ab Nous l&rsquo;avons vu, et il n&rsquo;avait ni prestance ni beaut\u00e9 \u00bb (Is 53,2). Apprenez qu&rsquo;il est le plus grand : \u00ab Il resplendit de beaut\u00e9 plus que les enfants des hommes \u00bb (Ps 44,3). En effet celui qui n&rsquo;avait ni \u00e9clat ni beaut\u00e9 est devenu sup\u00e9rieur aux anges (H\u00e9 1,4), d\u00e9passant toute la gloire des proph\u00e8tes d&rsquo;Isra\u00ebl&#8230; Il est la moindre de toutes les semences, parce qu&rsquo;il n&rsquo;est pas venu avec la royaut\u00e9, ni avec les richesses, ni avec la sagesse de ce monde. Or soudain, comme un arbre, il a \u00e9panoui la cime \u00e9lev\u00e9e de sa puissance, si bien que nous disons : \u00ab Sous son ombre d\u00e9sir\u00e9e je me suis assis \u00bb (Ct 2,3).<\/p>\n<p>Souvent, \u00e0 mon avis, il paraissait \u00e0 la fois arbre et graine. Il est graine quand on dit : \u00ab N&rsquo;est-il pas le fils de Joseph le charpentier ? \u00bb (Mt 13,55). Mais au cours m\u00eame de ces paroles il a soudain grandi&#8230; : \u00ab D&rsquo;o\u00f9 lui vient, disaient-ils, cette sagesse ? \u00bb (v. 54). Il est donc graine en son apparence, arbre par sa sagesse. Dans la frondaison de ses branches pourront se reposer en s\u00e9curit\u00e9 l&rsquo;oiseau de nuit en sa demeure, le passereau solitaire sur le toit (Ps 101,8), celui qui a \u00e9t\u00e9 enlev\u00e9 jusqu&rsquo;au paradis (2Co 12,4), celui qui \u00ab sera enlev\u00e9 dans les airs sur les nu\u00e9es \u00bb (1Th 4,17). L\u00e0 reposent \u00e9galement les puissances et les anges des cieux et tous ceux \u00e0 qui leurs actions spirituelles ont permis de prendre leur vol. Saint Jean y a repos\u00e9 quand il \u00e9tait appuy\u00e9 sur la poitrine de J\u00e9sus (Jn 13,25)&#8230;<\/p>\n<p>Et nous \u00ab qui \u00e9tions loin \u00bb (Ep 2,13), rassembl\u00e9s du milieu des nations, longtemps ballott\u00e9s dans le vide du monde par les temp\u00eates de l&rsquo;esprit du mal, d\u00e9ployant les ailes des vertus nous dirigeons notre vol pour que cette ombre des saints nous abrite de la chaleur accablante de ce monde. D\u00e9j\u00e0 nous reprenons vie dans la paix et la s\u00e9curit\u00e9 de ce s\u00e9jour du moment que notre \u00e2me, courb\u00e9e auparavant sous le poids des p\u00e9ch\u00e9s, est \u00ab arrach\u00e9e, comme le passereau, au filet des chasseurs \u00bb (Ps 123,7) et s&rsquo;est transport\u00e9e sur les branches et les montagnes du Seigneur (cf Ps 10,1).<\/p>\n<p>Saint Ambroise (v. 340-397), \u00e9v\u00eaque de Milan et docteur de l&rsquo;\u00c9glise<br \/>\nCommentaire sur l&rsquo;\u00e9vangile de St Luc, 7, 183s (trad. cf SC 52, p. 77)<\/p>\n<p>&nbsp;<\/p>\n<p>&nbsp;<\/p>\n<p>&nbsp;<\/p>\n","protected":false},"excerpt":{"rendered":"<p>Le Seigneur lui-m\u00eame est un grain de moutarde&#8230; Si le Christ est un grain de moutarde, comment est-il le plus petit et comment grandit-il ? Ce n&rsquo;est pas en sa nature, mais selon son apparence qu&rsquo;il redevient grand. Vous voulez savoir comment il est le moindre ? \u00ab Nous l&rsquo;avons vu, et il n&rsquo;avait ni [&hellip;]<\/p>\n","protected":false},"author":2,"featured_media":0,"comment_status":"closed","ping_status":"closed","sticky":false,"template":"","format":"standard","meta":{"footnotes":""},"categories":[3,13,1261,16,28],"tags":[88,460,536,1007],"class_list":["post-14154","post","type-post","status-publish","format-standard","hentry","category-liturgique","category-ecritures","category-enseignement-2","category-jardins-de-la-bible","category-saints-et-saintes","tag-arbre","tag-graine","tag-jesus-christ","tag-st-ambroise"],"_links":{"self":[{"href":"https:\/\/www.associationdemarie.org\/blog\/wp-json\/wp\/v2\/posts\/14154","targetHints":{"allow":["GET"]}}],"collection":[{"href":"https:\/\/www.associationdemarie.org\/blog\/wp-json\/wp\/v2\/posts"}],"about":[{"href":"https:\/\/www.associationdemarie.org\/blog\/wp-json\/wp\/v2\/types\/post"}],"author":[{"embeddable":true,"href":"https:\/\/www.associationdemarie.org\/blog\/wp-json\/wp\/v2\/users\/2"}],"replies":[{"embeddable":true,"href":"https:\/\/www.associationdemarie.org\/blog\/wp-json\/wp\/v2\/comments?post=14154"}],"version-history":[{"count":1,"href":"https:\/\/www.associationdemarie.org\/blog\/wp-json\/wp\/v2\/posts\/14154\/revisions"}],"predecessor-version":[{"id":14156,"href":"https:\/\/www.associationdemarie.org\/blog\/wp-json\/wp\/v2\/posts\/14154\/revisions\/14156"}],"wp:attachment":[{"href":"https:\/\/www.associationdemarie.org\/blog\/wp-json\/wp\/v2\/media?parent=14154"}],"wp:term":[{"taxonomy":"category","embeddable":true,"href":"https:\/\/www.associationdemarie.org\/blog\/wp-json\/wp\/v2\/categories?post=14154"},{"taxonomy":"post_tag","embeddable":true,"href":"https:\/\/www.associationdemarie.org\/blog\/wp-json\/wp\/v2\/tags?post=14154"}],"curies":[{"name":"wp","href":"https:\/\/api.w.org\/{rel}","templated":true}]}}