{"id":14147,"date":"2017-01-25T01:35:02","date_gmt":"2017-01-25T00:35:02","guid":{"rendered":"http:\/\/www.associationdemarie.org\/blog\/?p=14147"},"modified":"2017-01-08T12:36:39","modified_gmt":"2017-01-08T11:36:39","slug":"fete-de-la-conversion-de-saint-paul-apotre","status":"publish","type":"post","link":"https:\/\/www.associationdemarie.org\/blog\/fete-de-la-conversion-de-saint-paul-apotre\/","title":{"rendered":"F\u00eate de la conversion de saint Paul, ap\u00f4tre"},"content":{"rendered":"<p><a href=\"https:\/\/www.associationdemarie.org\/blog\/wp-content\/uploads\/2017\/01\/1_25_paul_conversion2.jpg\"><img loading=\"lazy\" decoding=\"async\" class=\"aligncenter wp-image-14148\" src=\"https:\/\/www.associationdemarie.org\/blog\/wp-content\/uploads\/2017\/01\/1_25_paul_conversion2.jpg\" alt=\"1_25_paul_conversion2\" width=\"372\" height=\"497\" \/><\/a><\/p>\n<p>Du haut du ciel la voix du Christ a renvers\u00e9 Saul : il a re\u00e7u l&rsquo;ordre de ne plus poursuivre ses pers\u00e9cutions, et il est tomb\u00e9 la face contre terre. Il fallait qu&rsquo;il soit d&rsquo;abord terrass\u00e9, et ensuite relev\u00e9 ; d&rsquo;abord frapp\u00e9, puis gu\u00e9ri. Car le Christ n&rsquo;aurait jamais v\u00e9cu en lui, si Saul n&rsquo;\u00e9tait pas mort \u00e0 son ancienne vie de p\u00e9ch\u00e9. Ainsi renvers\u00e9 \u00e0 terre, qu&rsquo;est-ce qu&rsquo;il entend ? \u00ab Saul, Saul, pourquoi me pers\u00e9cutes-tu ? Il est dur pour toi de regimber contre l&rsquo;aiguillon \u00bb (Ac 26,14). Et lui de r\u00e9pondre : \u00ab Qui es-tu, Seigneur ? \u00bb Alors la voix d&rsquo;en haut continue : \u00ab Je suis J\u00e9sus de Nazareth que tu pers\u00e9cutes \u00bb. Les membres sont encore sur la terre, c&rsquo;est la t\u00eate qui crie du haut du ciel ; elle ne dit pas : \u00ab Pourquoi pers\u00e9cutes-tu mes serviteurs ? \u00bb mais \u00ab Pourquoi me pers\u00e9cutes-tu ? \u00bb<\/p>\n<p>Et Paul, qui mettait toute son ardeur \u00e0 pers\u00e9cuter, se dispose d\u00e9j\u00e0 \u00e0 ob\u00e9ir : \u00ab Que veux-tu que je fasse ? \u00bb D\u00e9j\u00e0 le pers\u00e9cuteur est transform\u00e9 en pr\u00e9dicateur, le loup se change en brebis, l&rsquo;ennemi en d\u00e9fenseur. Paul apprend ce qu&rsquo;il doit faire : s&rsquo;il est devenu aveugle, si la lumi\u00e8re du monde lui est soustraite pour un temps, c&rsquo;est pour faire briller dans son c\u0153ur la lumi\u00e8re int\u00e9rieure. La lumi\u00e8re est enlev\u00e9e au pers\u00e9cuteur pour \u00eatre rendue au pr\u00e9dicateur ; au moment m\u00eame o\u00f9 il ne voyait plus rien de ce monde, il a vu J\u00e9sus. C&rsquo;est un symbole pour les croyants : ceux qui croient en Christ doivent fixer sur lui le regard de leur \u00e2me, sans tenir compte des choses ext\u00e9rieures&#8230;<\/p>\n<p>Saul est donc conduit \u00e0 Ananie ; le loup ravageur est amen\u00e9 \u00e0 la brebis. Mais le Pasteur, qui conduit tout du haut des cieux la rassure&#8230; : \u00ab Sois sans inqui\u00e9tude. Je lui ferai d\u00e9couvrir tout ce qu&rsquo;il lui faudra souffrir pour mon nom \u00bb (Ac 9,16). Quelle merveille ! Le loup est amen\u00e9 captif \u00e0 la brebis&#8230; L&rsquo;Agneau, qui est mort pour les brebis, leur apprend \u00e0 ne plus craindre.<\/p>\n<p>Saint Augustin (354-430), \u00e9v\u00eaque d&rsquo;Hippone (Afrique du Nord) et docteur de l&rsquo;\u00c9glise<br \/>\nSermon 279<\/p>\n<p>&nbsp;<\/p>\n<p>&nbsp;<\/p>\n<p>&nbsp;<\/p>\n<p>&nbsp;<\/p>\n","protected":false},"excerpt":{"rendered":"<p>Du haut du ciel la voix du Christ a renvers\u00e9 Saul : il a re\u00e7u l&rsquo;ordre de ne plus poursuivre ses pers\u00e9cutions, et il est tomb\u00e9 la face contre terre. Il fallait qu&rsquo;il soit d&rsquo;abord terrass\u00e9, et ensuite relev\u00e9 ; d&rsquo;abord frapp\u00e9, puis gu\u00e9ri. Car le Christ n&rsquo;aurait jamais v\u00e9cu en lui, si Saul n&rsquo;\u00e9tait [&hellip;]<\/p>\n","protected":false},"author":2,"featured_media":0,"comment_status":"closed","ping_status":"closed","sticky":false,"template":"","format":"standard","meta":{"footnotes":""},"categories":[3,28],"tags":[261,1012,1068],"class_list":["post-14147","post","type-post","status-publish","format-standard","hentry","category-liturgique","category-saints-et-saintes","tag-conversion","tag-st-augustin","tag-st-paul"],"_links":{"self":[{"href":"https:\/\/www.associationdemarie.org\/blog\/wp-json\/wp\/v2\/posts\/14147","targetHints":{"allow":["GET"]}}],"collection":[{"href":"https:\/\/www.associationdemarie.org\/blog\/wp-json\/wp\/v2\/posts"}],"about":[{"href":"https:\/\/www.associationdemarie.org\/blog\/wp-json\/wp\/v2\/types\/post"}],"author":[{"embeddable":true,"href":"https:\/\/www.associationdemarie.org\/blog\/wp-json\/wp\/v2\/users\/2"}],"replies":[{"embeddable":true,"href":"https:\/\/www.associationdemarie.org\/blog\/wp-json\/wp\/v2\/comments?post=14147"}],"version-history":[{"count":1,"href":"https:\/\/www.associationdemarie.org\/blog\/wp-json\/wp\/v2\/posts\/14147\/revisions"}],"predecessor-version":[{"id":14149,"href":"https:\/\/www.associationdemarie.org\/blog\/wp-json\/wp\/v2\/posts\/14147\/revisions\/14149"}],"wp:attachment":[{"href":"https:\/\/www.associationdemarie.org\/blog\/wp-json\/wp\/v2\/media?parent=14147"}],"wp:term":[{"taxonomy":"category","embeddable":true,"href":"https:\/\/www.associationdemarie.org\/blog\/wp-json\/wp\/v2\/categories?post=14147"},{"taxonomy":"post_tag","embeddable":true,"href":"https:\/\/www.associationdemarie.org\/blog\/wp-json\/wp\/v2\/tags?post=14147"}],"curies":[{"name":"wp","href":"https:\/\/api.w.org\/{rel}","templated":true}]}}