{"id":14101,"date":"2017-01-18T01:09:42","date_gmt":"2017-01-18T00:09:42","guid":{"rendered":"http:\/\/www.associationdemarie.org\/blog\/?p=14101"},"modified":"2017-01-04T08:12:26","modified_gmt":"2017-01-04T07:12:26","slug":"navre-de-lendurcissement-de-leurs-coeurs","status":"publish","type":"post","link":"https:\/\/www.associationdemarie.org\/blog\/navre-de-lendurcissement-de-leurs-coeurs\/","title":{"rendered":"\u00ab Navr\u00e9 de l&rsquo;endurcissement de leurs c\u0153urs \u00bb"},"content":{"rendered":"<p><a href=\"https:\/\/www.associationdemarie.org\/blog\/wp-content\/uploads\/2017\/01\/11061171_10207517796576881_6660034252834827070_o.jpg\"><img loading=\"lazy\" decoding=\"async\" class=\"aligncenter  wp-image-14102\" src=\"https:\/\/www.associationdemarie.org\/blog\/wp-content\/uploads\/2017\/01\/11061171_10207517796576881_6660034252834827070_o.jpg\" alt=\"11061171_10207517796576881_6660034252834827070_o\" width=\"437\" height=\"437\" srcset=\"https:\/\/www.associationdemarie.org\/blog\/wp-content\/uploads\/2017\/01\/11061171_10207517796576881_6660034252834827070_o.jpg 1705w, https:\/\/www.associationdemarie.org\/blog\/wp-content\/uploads\/2017\/01\/11061171_10207517796576881_6660034252834827070_o-150x150.jpg 150w, https:\/\/www.associationdemarie.org\/blog\/wp-content\/uploads\/2017\/01\/11061171_10207517796576881_6660034252834827070_o-300x300.jpg 300w, https:\/\/www.associationdemarie.org\/blog\/wp-content\/uploads\/2017\/01\/11061171_10207517796576881_6660034252834827070_o-1024x1024.jpg 1024w\" sizes=\"auto, (max-width: 437px) 100vw, 437px\" \/><\/a><\/p>\n<p>J\u00e9sus, V\u00e9rit\u00e9 \u00e9ternelle, notre Vie, j&rsquo;implore et je mendie ta mis\u00e9ricorde pour les pauvres p\u00e9cheurs. Tr\u00e8s doux C\u0153ur de mon Seigneur, rempli de piti\u00e9 et de mis\u00e9ricorde inexprimable, je te supplie pour les pauvres p\u00e9cheurs. \u00d4 C\u0153ur Sacr\u00e9, source de mis\u00e9ricorde dont les rayons de gr\u00e2ces inconcevables se r\u00e9pandent sur tout le genre humain, je t&rsquo;en supplie, donne la lumi\u00e8re aux pauvres p\u00e9cheurs. \u00d4 J\u00e9sus, souviens-toi de ta Passion am\u00e8re et ne permets pas que p\u00e9rissent les \u00e2mes rachet\u00e9es au prix de ton sang tr\u00e8s saint.<\/p>\n<p>J\u00e9sus, lorsque je contemple le don de ton sang, je me r\u00e9jouis de sa valeur inestimable, car une goutte aurait suffi pour tous les p\u00e9cheurs. Bien que le p\u00e9ch\u00e9 soit un ab\u00eeme du mal et de l&rsquo;ingratitude, le prix donn\u00e9 pour nous est sans commune mesure \u2014 c&rsquo;est pourquoi, que chaque \u00e2me ait confiance en la Passion du Seigneur, qu&rsquo;elle mette son esp\u00e9rance dans sa mis\u00e9ricorde. Dieu ne refusera \u00e0 personne sa mis\u00e9ricorde. Le ciel et la terre peuvent changer, mais la mis\u00e9ricorde de Dieu ne s&rsquo;\u00e9puisera jamais (cf Mt 24,35). Oh, quelle joie br\u00fble dans mon c\u0153ur, quand je vois ta bont\u00e9 inconcevable, \u00f4 mon J\u00e9sus. Je d\u00e9sire amener tous les p\u00e9cheurs \u00e0 tes pieds, pour qu&rsquo;ils louent ton amour infini, pendant les si\u00e8cles sans fin.<\/p>\n<p>Sainte Faustine Kowalska (1905-1938), religieuse<br \/>\nPetit journal, \u00a7 72 (trad. \u00c9ds. Parole et dialogue 2002, p. 54)<\/p>\n<p>&nbsp;<\/p>\n<p>&nbsp;<\/p>\n<p>&nbsp;<\/p>\n<p>&nbsp;<\/p>\n","protected":false},"excerpt":{"rendered":"<p>J\u00e9sus, V\u00e9rit\u00e9 \u00e9ternelle, notre Vie, j&rsquo;implore et je mendie ta mis\u00e9ricorde pour les pauvres p\u00e9cheurs. Tr\u00e8s doux C\u0153ur de mon Seigneur, rempli de piti\u00e9 et de mis\u00e9ricorde inexprimable, je te supplie pour les pauvres p\u00e9cheurs. \u00d4 C\u0153ur Sacr\u00e9, source de mis\u00e9ricorde dont les rayons de gr\u00e2ces inconcevables se r\u00e9pandent sur tout le genre humain, je [&hellip;]<\/p>\n","protected":false},"author":2,"featured_media":0,"comment_status":"closed","ping_status":"closed","sticky":false,"template":"","format":"standard","meta":{"footnotes":""},"categories":[3,26,28],"tags":[819,914,1094],"class_list":["post-14101","post","type-post","status-publish","format-standard","hentry","category-liturgique","category-priere-des-ames","category-saints-et-saintes","tag-precieux-sang","tag-sacre-coeur-de-jesus","tag-ste-faustine"],"_links":{"self":[{"href":"https:\/\/www.associationdemarie.org\/blog\/wp-json\/wp\/v2\/posts\/14101","targetHints":{"allow":["GET"]}}],"collection":[{"href":"https:\/\/www.associationdemarie.org\/blog\/wp-json\/wp\/v2\/posts"}],"about":[{"href":"https:\/\/www.associationdemarie.org\/blog\/wp-json\/wp\/v2\/types\/post"}],"author":[{"embeddable":true,"href":"https:\/\/www.associationdemarie.org\/blog\/wp-json\/wp\/v2\/users\/2"}],"replies":[{"embeddable":true,"href":"https:\/\/www.associationdemarie.org\/blog\/wp-json\/wp\/v2\/comments?post=14101"}],"version-history":[{"count":2,"href":"https:\/\/www.associationdemarie.org\/blog\/wp-json\/wp\/v2\/posts\/14101\/revisions"}],"predecessor-version":[{"id":14104,"href":"https:\/\/www.associationdemarie.org\/blog\/wp-json\/wp\/v2\/posts\/14101\/revisions\/14104"}],"wp:attachment":[{"href":"https:\/\/www.associationdemarie.org\/blog\/wp-json\/wp\/v2\/media?parent=14101"}],"wp:term":[{"taxonomy":"category","embeddable":true,"href":"https:\/\/www.associationdemarie.org\/blog\/wp-json\/wp\/v2\/categories?post=14101"},{"taxonomy":"post_tag","embeddable":true,"href":"https:\/\/www.associationdemarie.org\/blog\/wp-json\/wp\/v2\/tags?post=14101"}],"curies":[{"name":"wp","href":"https:\/\/api.w.org\/{rel}","templated":true}]}}