{"id":14041,"date":"2017-01-09T01:10:42","date_gmt":"2017-01-09T00:10:42","guid":{"rendered":"http:\/\/www.associationdemarie.org\/blog\/?p=14041"},"modified":"2016-12-20T08:15:00","modified_gmt":"2016-12-20T07:15:00","slug":"fete-du-bapteme-de-notre-seigneur","status":"publish","type":"post","link":"https:\/\/www.associationdemarie.org\/blog\/fete-du-bapteme-de-notre-seigneur\/","title":{"rendered":"F\u00eate du Bapt\u00eame de Notre Seigneur"},"content":{"rendered":"<p><strong><a href=\"https:\/\/www.associationdemarie.org\/blog\/wp-content\/uploads\/2016\/12\/bapteme-du-seigneur.jpg\"><br \/>\n<img loading=\"lazy\" decoding=\"async\" class=\"aligncenter size-full wp-image-14042\" src=\"https:\/\/www.associationdemarie.org\/blog\/wp-content\/uploads\/2016\/12\/bapteme-du-seigneur.jpg\" alt=\"bapteme-du-seigneur\" width=\"323\" height=\"287\" srcset=\"https:\/\/www.associationdemarie.org\/blog\/wp-content\/uploads\/2016\/12\/bapteme-du-seigneur.jpg 323w, https:\/\/www.associationdemarie.org\/blog\/wp-content\/uploads\/2016\/12\/bapteme-du-seigneur-300x267.jpg 300w\" sizes=\"auto, (max-width: 323px) 100vw, 323px\" \/><\/a><\/strong><\/p>\n<p><span style=\"color: #ffffff;\">.<\/span><\/p>\n<p><strong>Livre d&rsquo;Isa\u00efe 42,1-4.6-7. <\/strong><\/p>\n<p><span style=\"color: #ffffff;\">.<\/span><br \/>\nAinsi parle le Seigneur : \u00ab Voici mon serviteur que je soutiens, mon \u00e9lu qui a toute ma faveur. J\u2019ai fait reposer sur lui mon esprit ; aux nations, il proclamera le droit.<br \/>\nIl ne criera pas, il ne haussera pas le ton, il ne fera pas entendre sa voix au-dehors.<br \/>\nIl ne brisera pas le roseau qui fl\u00e9chit, il n\u2019\u00e9teindra pas la m\u00e8che qui faiblit, il proclamera le droit en v\u00e9rit\u00e9.<br \/>\nIl ne faiblira pas, il ne fl\u00e9chira pas, jusqu\u2019\u00e0 ce qu\u2019il \u00e9tablisse le droit sur la terre, et que les \u00eeles lointaines aspirent \u00e0 recevoir ses lois. \u00bb<br \/>\n\u00ab Moi, le Seigneur, je t\u2019ai appel\u00e9 selon la justice ; je te saisis par la main, je te fa\u00e7onne, je fais de toi l\u2019alliance du peuple, la lumi\u00e8re des nations :<br \/>\ntu ouvriras les yeux des aveugles, tu feras sortir les captifs de leur prison, et, de leur cachot, ceux qui habitent les t\u00e9n\u00e8bres. \u00bb<\/p>\n<p>&nbsp;<\/p>\n<p>&nbsp;<\/p>\n<p>&nbsp;<\/p>\n<p>&nbsp;<\/p>\n<p>&nbsp;<\/p>\n","protected":false},"excerpt":{"rendered":"<p>. Livre d&rsquo;Isa\u00efe 42,1-4.6-7. . Ainsi parle le Seigneur : \u00ab Voici mon serviteur que je soutiens, mon \u00e9lu qui a toute ma faveur. J\u2019ai fait reposer sur lui mon esprit ; aux nations, il proclamera le droit. Il ne criera pas, il ne haussera pas le ton, il ne fera pas entendre sa voix [&hellip;]<\/p>\n","protected":false},"author":2,"featured_media":0,"comment_status":"closed","ping_status":"closed","sticky":false,"template":"","format":"standard","meta":{"footnotes":""},"categories":[3,13],"tags":[131,1438],"class_list":["post-14041","post","type-post","status-publish","format-standard","hentry","category-liturgique","category-ecritures","tag-bapteme","tag-livre-disaie"],"_links":{"self":[{"href":"https:\/\/www.associationdemarie.org\/blog\/wp-json\/wp\/v2\/posts\/14041","targetHints":{"allow":["GET"]}}],"collection":[{"href":"https:\/\/www.associationdemarie.org\/blog\/wp-json\/wp\/v2\/posts"}],"about":[{"href":"https:\/\/www.associationdemarie.org\/blog\/wp-json\/wp\/v2\/types\/post"}],"author":[{"embeddable":true,"href":"https:\/\/www.associationdemarie.org\/blog\/wp-json\/wp\/v2\/users\/2"}],"replies":[{"embeddable":true,"href":"https:\/\/www.associationdemarie.org\/blog\/wp-json\/wp\/v2\/comments?post=14041"}],"version-history":[{"count":2,"href":"https:\/\/www.associationdemarie.org\/blog\/wp-json\/wp\/v2\/posts\/14041\/revisions"}],"predecessor-version":[{"id":14044,"href":"https:\/\/www.associationdemarie.org\/blog\/wp-json\/wp\/v2\/posts\/14041\/revisions\/14044"}],"wp:attachment":[{"href":"https:\/\/www.associationdemarie.org\/blog\/wp-json\/wp\/v2\/media?parent=14041"}],"wp:term":[{"taxonomy":"category","embeddable":true,"href":"https:\/\/www.associationdemarie.org\/blog\/wp-json\/wp\/v2\/categories?post=14041"},{"taxonomy":"post_tag","embeddable":true,"href":"https:\/\/www.associationdemarie.org\/blog\/wp-json\/wp\/v2\/tags?post=14041"}],"curies":[{"name":"wp","href":"https:\/\/api.w.org\/{rel}","templated":true}]}}