{"id":14038,"date":"2017-01-08T01:15:18","date_gmt":"2017-01-08T00:15:18","guid":{"rendered":"http:\/\/www.associationdemarie.org\/blog\/?p=14038"},"modified":"2016-12-19T12:17:23","modified_gmt":"2016-12-19T11:17:23","slug":"la-lumiere-du-monde-revelee-aux-nations","status":"publish","type":"post","link":"https:\/\/www.associationdemarie.org\/blog\/la-lumiere-du-monde-revelee-aux-nations\/","title":{"rendered":"La lumi\u00e8re du monde r\u00e9v\u00e9l\u00e9e aux nations"},"content":{"rendered":"<p><a href=\"https:\/\/www.associationdemarie.org\/blog\/wp-content\/uploads\/2016\/12\/IMG-20161111-WA0008-640x360.jpg\"><img loading=\"lazy\" decoding=\"async\" class=\"aligncenter  wp-image-14039\" src=\"https:\/\/www.associationdemarie.org\/blog\/wp-content\/uploads\/2016\/12\/IMG-20161111-WA0008-640x360.jpg\" alt=\"img-20161111-wa0008-640x360\" width=\"485\" height=\"273\" srcset=\"https:\/\/www.associationdemarie.org\/blog\/wp-content\/uploads\/2016\/12\/IMG-20161111-WA0008-640x360.jpg 640w, https:\/\/www.associationdemarie.org\/blog\/wp-content\/uploads\/2016\/12\/IMG-20161111-WA0008-640x360-300x169.jpg 300w\" sizes=\"auto, (max-width: 485px) 100vw, 485px\" \/><\/a><\/p>\n<p>\u00ab L\u00e8ve-toi, resplendis, J\u00e9rusalem, car elle est venue, ta lumi\u00e8re ! \u00bb Certes, elle \u00e9tait venue ta lumi\u00e8re ; elle \u00e9tait dans le monde, et le monde a \u00e9t\u00e9 fait par elle, mais le monde ne l&rsquo;a pas connue. L&rsquo;enfant \u00e9tait n\u00e9, mais il n&rsquo;\u00e9tait pas connu, jusqu&rsquo;\u00e0 ce que ce jour de lumi\u00e8re commence \u00e0 le r\u00e9v\u00e9ler&#8230; Levez-vous, vous qui \u00eates assis dans les t\u00e9n\u00e8bres ! Dirigez-vous vers cette lumi\u00e8re : elle s&rsquo;est lev\u00e9e dans les t\u00e9n\u00e8bres, mais les t\u00e9n\u00e8bres n&rsquo;ont pas pu la saisir. Approchez-la, et vous serez illumin\u00e9s ; dans sa lumi\u00e8re, vous verrez la lumi\u00e8re, et l&rsquo;on dira de vous : \u00ab Jadis, vous \u00e9tiez t\u00e9n\u00e8bres, maintenant vous \u00eates lumi\u00e8re dans le Seigneur. \u00bb Regardez : la lumi\u00e8re \u00e9ternelle s&rsquo;est accommod\u00e9e \u00e0 vos yeux, pour que celui qui habite une lumi\u00e8re inaccessible puisse \u00eatre saisi par vos yeux faibles et malades. D\u00e9couvrez la lumi\u00e8re dans une lampe d&rsquo;argile, le soleil dans la nu\u00e9e, Dieu dans un homme, dans le petit vase d&rsquo;argile de votre corps, la splendeur de la gloire et l&rsquo;\u00e9clat de la lumi\u00e8re \u00e9ternelle ! &#8230;<\/p>\n<p>Nous te rendons gr\u00e2ces, P\u00e8re des lumi\u00e8res, de nous avoir appel\u00e9s des t\u00e9n\u00e8bres \u00e0 ton admirable lumi\u00e8re&#8230; Oui, la vraie lumi\u00e8re, bien plus, la vie \u00e9ternelle, c&rsquo;est de te conna\u00eetre, toi le seul Dieu, et ton envoy\u00e9 J\u00e9sus Christ&#8230; Nous te connaissons, certes, par la foi, et nous la tenons comme un gage assur\u00e9 que nous te conna\u00eetrons un jour dans la vision. D&rsquo;ici l\u00e0, augmente en nous la foi. Conduis-nous de foi en foi, de clart\u00e9 en clart\u00e9, sous la motion de ton Esprit, pour que nous p\u00e9n\u00e9trions plus avant chaque jour dans les profondeurs de la lumi\u00e8re ! &#8230; Que la foi nous conduise au face \u00e0 face et que, semblable \u00e0 l&rsquo;\u00e9toile, elle nous guide vers notre chef n\u00e9 \u00e0 Bethl\u00e9em&#8230;<\/p>\n<p>Quelle joie, quelle exultation pour la foi des mages, lorsqu&rsquo;ils verront r\u00e9gner dans la J\u00e9rusalem d&rsquo;en haut celui qu&rsquo;ils ont ador\u00e9 quand il vagissait \u00e0 Bethl\u00e9em ! Ici, ils l&rsquo;ont vu dans un logis de pauvre ; l\u00e0, nous le verrons dans le palais des anges. Ici, dans les langes ; l\u00e0, dans les splendeurs des saints. Ici, sur le sein de sa m\u00e8re ; l\u00e0, sur le tr\u00f4ne de son P\u00e8re.<\/p>\n<p>(R\u00e9f\u00e9rences bibliques : Is 60,11 ; Jn 1,10 ; Lc 1,79 ; Jn 1,5 ; Ps 33,6 ; Ps 35,10 ; Ep 5,8 ; 1Tm 6,16 ; Jc 1,17 ; 1P 2,9 ; Jn 17,3 ; Lc 17,5)<\/p>\n<p>Bienheureux Guerric d&rsquo;Igny (v. 1080-1157), abb\u00e9 cistercien<br \/>\n2\u00e8me sermon pour l&rsquo;\u00c9piphanie (trad. Br\u00e9sard, 2000 ans B, p. 44 ; cf SC 166)<\/p>\n<p>&nbsp;<\/p>\n<p>&nbsp;<\/p>\n<p>&nbsp;<\/p>\n","protected":false},"excerpt":{"rendered":"<p>\u00ab L\u00e8ve-toi, resplendis, J\u00e9rusalem, car elle est venue, ta lumi\u00e8re ! \u00bb Certes, elle \u00e9tait venue ta lumi\u00e8re ; elle \u00e9tait dans le monde, et le monde a \u00e9t\u00e9 fait par elle, mais le monde ne l&rsquo;a pas connue. L&rsquo;enfant \u00e9tait n\u00e9, mais il n&rsquo;\u00e9tait pas connu, jusqu&rsquo;\u00e0 ce que ce jour de lumi\u00e8re commence [&hellip;]<\/p>\n","protected":false},"author":2,"featured_media":0,"comment_status":"closed","ping_status":"closed","sticky":false,"template":"","format":"standard","meta":{"footnotes":""},"categories":[3,13,1261],"tags":[155,1382,366],"class_list":["post-14038","post","type-post","status-publish","format-standard","hentry","category-liturgique","category-ecritures","category-enseignement-2","tag-bienheureux-guerric-digny","tag-ecritures","tag-epiphanie"],"_links":{"self":[{"href":"https:\/\/www.associationdemarie.org\/blog\/wp-json\/wp\/v2\/posts\/14038","targetHints":{"allow":["GET"]}}],"collection":[{"href":"https:\/\/www.associationdemarie.org\/blog\/wp-json\/wp\/v2\/posts"}],"about":[{"href":"https:\/\/www.associationdemarie.org\/blog\/wp-json\/wp\/v2\/types\/post"}],"author":[{"embeddable":true,"href":"https:\/\/www.associationdemarie.org\/blog\/wp-json\/wp\/v2\/users\/2"}],"replies":[{"embeddable":true,"href":"https:\/\/www.associationdemarie.org\/blog\/wp-json\/wp\/v2\/comments?post=14038"}],"version-history":[{"count":1,"href":"https:\/\/www.associationdemarie.org\/blog\/wp-json\/wp\/v2\/posts\/14038\/revisions"}],"predecessor-version":[{"id":14040,"href":"https:\/\/www.associationdemarie.org\/blog\/wp-json\/wp\/v2\/posts\/14038\/revisions\/14040"}],"wp:attachment":[{"href":"https:\/\/www.associationdemarie.org\/blog\/wp-json\/wp\/v2\/media?parent=14038"}],"wp:term":[{"taxonomy":"category","embeddable":true,"href":"https:\/\/www.associationdemarie.org\/blog\/wp-json\/wp\/v2\/categories?post=14038"},{"taxonomy":"post_tag","embeddable":true,"href":"https:\/\/www.associationdemarie.org\/blog\/wp-json\/wp\/v2\/tags?post=14038"}],"curies":[{"name":"wp","href":"https:\/\/api.w.org\/{rel}","templated":true}]}}