{"id":14002,"date":"2016-12-31T01:46:29","date_gmt":"2016-12-31T00:46:29","guid":{"rendered":"http:\/\/www.associationdemarie.org\/blog\/?p=14002"},"modified":"2016-12-14T17:53:46","modified_gmt":"2016-12-14T16:53:46","slug":"te-deum-laudamus-action-de-grace-5","status":"publish","type":"post","link":"https:\/\/www.associationdemarie.org\/blog\/te-deum-laudamus-action-de-grace-5\/","title":{"rendered":"Te Deum Laudamus &#8211; Action de Gr\u00e2ce"},"content":{"rendered":"<p><a href=\"https:\/\/www.associationdemarie.org\/blog\/wp-content\/uploads\/2016\/12\/1angel06.jpg\"><img loading=\"lazy\" decoding=\"async\" class=\"aligncenter wp-image-14003\" src=\"https:\/\/www.associationdemarie.org\/blog\/wp-content\/uploads\/2016\/12\/1angel06.jpg\" alt=\"1angel06\" width=\"379\" height=\"419\" srcset=\"https:\/\/www.associationdemarie.org\/blog\/wp-content\/uploads\/2016\/12\/1angel06.jpg 900w, https:\/\/www.associationdemarie.org\/blog\/wp-content\/uploads\/2016\/12\/1angel06-271x300.jpg 271w\" sizes=\"auto, (max-width: 379px) 100vw, 379px\" \/><\/a><\/p>\n<p>Notre Sauveur, fr\u00e8res bien-aim\u00e9s, est n\u00e9 aujourd&rsquo;hui : r\u00e9jouissons-nous ! Il n&rsquo;est pas permis d&rsquo;\u00eatre triste en ce jour o\u00f9 na\u00eet la vie. Ce jour d\u00e9truit la crainte de la mort et nous comble de la joie que donne la promesse de l&rsquo;\u00e9ternit\u00e9. Personne n&rsquo;est tenu \u00e0 l&rsquo;\u00e9cart de cette all\u00e9gresse ; un seul et m\u00eame motif de joie est commun \u00e0 tous. Car notre Seigneur, en venant d\u00e9truire le p\u00e9ch\u00e9 et la mort&#8230;, est venu lib\u00e9rer tous les hommes. Que le saint exulte, car il approche de la victoire. Que le p\u00e9cheur se r\u00e9jouisse, car il est invit\u00e9 au pardon. Que le pa\u00efen prenne courage, car il est appel\u00e9 \u00e0 la vie. En effet, quand est venue la pl\u00e9nitude des temps fix\u00e9e par la profondeur insondable du plan divin, le Fils de Dieu a \u00e9pous\u00e9 notre nature humaine pour la r\u00e9concilier avec son Cr\u00e9ateur&#8230;<\/p>\n<p>Le Verbe, la Parole de Dieu, qui est Dieu, Fils de Dieu, \u00ab qui \u00e9tait aupr\u00e8s de Dieu au commencement, par qui tout a \u00e9t\u00e9 fait et sans qui rien n&rsquo;a \u00e9t\u00e9 fait \u00bb, est devenu homme pour d\u00e9livrer l&rsquo;homme d&rsquo;une mort \u00e9ternelle. Il s&rsquo;est abaiss\u00e9 pour prendre notre humble condition sans que sa majest\u00e9 en soit diminu\u00e9e. Demeurant ce qu&rsquo;il \u00e9tait et assumant ce qu&rsquo;il n&rsquo;\u00e9tait pas, il a uni notre condition d&rsquo;esclave \u00e0 sa condition d&rsquo;\u00e9gal de Dieu le P\u00e8re&#8230; La majest\u00e9 se rev\u00eat d&rsquo;humilit\u00e9, la force de faiblesse, l&rsquo;\u00e9ternit\u00e9 de mortalit\u00e9 : vrai Dieu et vrai homme, dans l&rsquo;unit\u00e9 d&rsquo;un seul Seigneur, \u00ab seul m\u00e9diateur entre Dieu et les hommes \u00bb (1Tm 2,5)&#8230;<\/p>\n<p>Rendons gr\u00e2ce donc, fr\u00e8res bien-aim\u00e9s, \u00e0 Dieu le P\u00e8re, par son Fils, dans l&rsquo;Esprit Saint. Car dans sa grande mis\u00e9ricorde et son amour pour nous, il nous a pris en piti\u00e9. \u00ab Alors que nous \u00e9tions morts par suite de nos fautes, il nous a fait revivre par le Christ \u00bb, voulant que nous soyons en lui une nouvelle cr\u00e9ation, une nouvelle \u0153uvre de ses mains (Ep 2,4-5 ; 2Co 5,17)&#8230; Chr\u00e9tien, prends conscience de ta dignit\u00e9.<\/p>\n<p>Saint L\u00e9on le Grand (?-v. 461), pape et docteur de l&rsquo;\u00c9glise<br \/>\n1er sermon pour la Nativit\u00e9 du Seigneur ; PL 59,190 (trad. cf SC 22 bis, p. 67s, br\u00e9viaire et Orval)<\/p>\n<p>&nbsp;<\/p>\n<p>&nbsp;<\/p>\n<p><a href=\"https:\/\/www.associationdemarie.org\/blog\/wp-content\/uploads\/2016\/12\/CitationMMDH-dec1994.png\"><img loading=\"lazy\" decoding=\"async\" class=\"aligncenter  wp-image-14005\" src=\"https:\/\/www.associationdemarie.org\/blog\/wp-content\/uploads\/2016\/12\/CitationMMDH-dec1994.png\" alt=\"citationmmdh-dec1994\" width=\"470\" height=\"333\" srcset=\"https:\/\/www.associationdemarie.org\/blog\/wp-content\/uploads\/2016\/12\/CitationMMDH-dec1994.png 1678w, https:\/\/www.associationdemarie.org\/blog\/wp-content\/uploads\/2016\/12\/CitationMMDH-dec1994-300x212.png 300w, https:\/\/www.associationdemarie.org\/blog\/wp-content\/uploads\/2016\/12\/CitationMMDH-dec1994-1024x724.png 1024w\" sizes=\"auto, (max-width: 470px) 100vw, 470px\" \/><\/a><\/p>\n<p>&nbsp;<\/p>\n<p><strong>B\u00e9nissez-vous tous et louez le Seigneur de conna\u00eetre la volont\u00e9 Divine. Unissez-vous et que les \u00e9toiles forment la guirlande qui illuminera la terre jusqu\u2019\u00e0 la fin des si\u00e8cles. B\u00e9ni soit Dieu le P\u00e8re d\u2019avoir donn\u00e9 Son Fils aux hommes et je l\u2019honore de m\u2019avoir choisie comme M\u00e8re afin que je sois celle de tous les hommes.<\/strong><\/p>\n<p>Marie M\u00e8re des hommes &#8211; d\u00e9cembre 1994<\/p>\n<p>&nbsp;<\/p>\n<p>&nbsp;<\/p>\n<p>&nbsp;<\/p>\n<p>&nbsp;<\/p>\n<p>&nbsp;<\/p>\n","protected":false},"excerpt":{"rendered":"<p>Notre Sauveur, fr\u00e8res bien-aim\u00e9s, est n\u00e9 aujourd&rsquo;hui : r\u00e9jouissons-nous ! Il n&rsquo;est pas permis d&rsquo;\u00eatre triste en ce jour o\u00f9 na\u00eet la vie. Ce jour d\u00e9truit la crainte de la mort et nous comble de la joie que donne la promesse de l&rsquo;\u00e9ternit\u00e9. Personne n&rsquo;est tenu \u00e0 l&rsquo;\u00e9cart de cette all\u00e9gresse ; un seul et [&hellip;]<\/p>\n","protected":false},"author":2,"featured_media":0,"comment_status":"closed","ping_status":"closed","sticky":false,"template":"","format":"standard","meta":{"footnotes":""},"categories":[3,13,1261,19],"tags":[544,640,707,1053,1179],"class_list":["post-14002","post","type-post","status-publish","format-standard","hentry","category-liturgique","category-ecritures","category-enseignement-2","category-messages","tag-joie","tag-marie-mere-des-hommes","tag-nativite","tag-st-leon-le-grand","tag-verbe"],"_links":{"self":[{"href":"https:\/\/www.associationdemarie.org\/blog\/wp-json\/wp\/v2\/posts\/14002","targetHints":{"allow":["GET"]}}],"collection":[{"href":"https:\/\/www.associationdemarie.org\/blog\/wp-json\/wp\/v2\/posts"}],"about":[{"href":"https:\/\/www.associationdemarie.org\/blog\/wp-json\/wp\/v2\/types\/post"}],"author":[{"embeddable":true,"href":"https:\/\/www.associationdemarie.org\/blog\/wp-json\/wp\/v2\/users\/2"}],"replies":[{"embeddable":true,"href":"https:\/\/www.associationdemarie.org\/blog\/wp-json\/wp\/v2\/comments?post=14002"}],"version-history":[{"count":3,"href":"https:\/\/www.associationdemarie.org\/blog\/wp-json\/wp\/v2\/posts\/14002\/revisions"}],"predecessor-version":[{"id":14007,"href":"https:\/\/www.associationdemarie.org\/blog\/wp-json\/wp\/v2\/posts\/14002\/revisions\/14007"}],"wp:attachment":[{"href":"https:\/\/www.associationdemarie.org\/blog\/wp-json\/wp\/v2\/media?parent=14002"}],"wp:term":[{"taxonomy":"category","embeddable":true,"href":"https:\/\/www.associationdemarie.org\/blog\/wp-json\/wp\/v2\/categories?post=14002"},{"taxonomy":"post_tag","embeddable":true,"href":"https:\/\/www.associationdemarie.org\/blog\/wp-json\/wp\/v2\/tags?post=14002"}],"curies":[{"name":"wp","href":"https:\/\/api.w.org\/{rel}","templated":true}]}}