{"id":13954,"date":"2016-12-21T01:02:32","date_gmt":"2016-12-21T00:02:32","guid":{"rendered":"http:\/\/www.associationdemarie.org\/blog\/?p=13954"},"modified":"2016-12-05T06:06:57","modified_gmt":"2016-12-05T05:06:57","slug":"le-puissant-fit-pour-moi-des-merveilles-lc-149","status":"publish","type":"post","link":"https:\/\/www.associationdemarie.org\/blog\/le-puissant-fit-pour-moi-des-merveilles-lc-149\/","title":{"rendered":"\u00ab Le Puissant fit pour moi des merveilles. \u00bb (Lc 1,49)"},"content":{"rendered":"<p><a href=\"https:\/\/www.associationdemarie.org\/blog\/wp-content\/uploads\/2016\/12\/Magnificat-Avent-2011-0030.jpg\"><img loading=\"lazy\" decoding=\"async\" class=\"aligncenter  wp-image-13955\" src=\"https:\/\/www.associationdemarie.org\/blog\/wp-content\/uploads\/2016\/12\/Magnificat-Avent-2011-0030.jpg\" alt=\"magnificat-avent-2011-0030\" width=\"397\" height=\"628\" srcset=\"https:\/\/www.associationdemarie.org\/blog\/wp-content\/uploads\/2016\/12\/Magnificat-Avent-2011-0030.jpg 800w, https:\/\/www.associationdemarie.org\/blog\/wp-content\/uploads\/2016\/12\/Magnificat-Avent-2011-0030-190x300.jpg 190w, https:\/\/www.associationdemarie.org\/blog\/wp-content\/uploads\/2016\/12\/Magnificat-Avent-2011-0030-648x1024.jpg 648w\" sizes=\"auto, (max-width: 397px) 100vw, 397px\" \/><\/a><\/p>\n<p>Oh ! Je t&rsquo;aime, Marie, te disant la servante<br \/>\nDu Dieu que tu ravis par ton humilit\u00e9 (Lc 1,38)<br \/>\nCette vertu cach\u00e9e te rend toute-puissante<br \/>\nElle attire en ton c\u0153ur la Sainte Trinit\u00e9<br \/>\nAlors l&rsquo;Esprit d&rsquo;Amour te couvrant de son ombre (Lc 1,35)<br \/>\nLe Fils \u00e9gal au P\u00e8re en toi s&rsquo;est incarn\u00e9<br \/>\nDe ses fr\u00e8res p\u00e9cheurs bien grand sera le nombre<br \/>\nPuisqu&rsquo;on doit l&rsquo;appeler : J\u00e9sus, ton premier-n\u00e9 ! (Lc 2,7)<br \/>\n\u00d4 M\u00e8re bien-aim\u00e9e, malgr\u00e9 ma petitesse<br \/>\nComme toi je poss\u00e8de en moi le Tout-Puissant<br \/>\nMais je ne tremble pas en voyant ma faiblesse :<br \/>\nLe tr\u00e9sor de la m\u00e8re appartient \u00e0 l&rsquo;enfant<br \/>\nEt je suis ton enfant, \u00f4 ma M\u00e8re ch\u00e9rie.<br \/>\nTes vertus, ton amour, ne sont-ils pas \u00e0 moi ?<br \/>\nAussi lorsqu&rsquo;en mon c\u0153ur descend la blanche hostie<br \/>\nJ\u00e9sus, ton Doux Agneau, croit reposer en toi !<\/p>\n<p><img loading=\"lazy\" decoding=\"async\" class=\"alignright  wp-image-13956\" src=\"https:\/\/www.associationdemarie.org\/blog\/wp-content\/uploads\/2016\/12\/noc3abl-s602-en-bannic3a8re-verticale.jpg\" alt=\"noc3abl-s602-en-bannic3a8re-verticale\" width=\"68\" height=\"293\" \/>Tu me le fais sentir, ce n&rsquo;est pas impossible<br \/>\nDe marcher sur tes pas, \u00f4 Reine des \u00e9lus.<br \/>\nL&rsquo;\u00e9troit chemin du Ciel, tu l&rsquo;as rendu visible<br \/>\nEn pratiquant toujours les plus humbles vertus.<br \/>\nAupr\u00e8s de toi, Marie, j&rsquo;aime \u00e0 rester petite,<br \/>\nDes grandeurs d&rsquo;ici-bas je vois la vanit\u00e9,<br \/>\nChez sainte \u00c9lisabeth, recevant ta visite,<br \/>\nJ&rsquo;apprends \u00e0 pratiquer l&rsquo;ardente charit\u00e9.<\/p>\n<p>L\u00e0 j&rsquo;\u00e9coute ravie, douce Reine des anges,<br \/>\nLe cantique sacr\u00e9 qui jaillit de ton c\u0153ur (Lc 1,46s)<br \/>\nTu m&rsquo;apprends \u00e0 chanter les divines louanges<br \/>\n\u00c0 me glorifier en J\u00e9sus mon Sauveur.<br \/>\nTes paroles d&rsquo;amour sont de mystiques roses<br \/>\nQui doivent embaumer les si\u00e8cles \u00e0 venir.<br \/>\nEn toi le Tout-Puissant a fait de grandes choses<br \/>\nJe veux les m\u00e9diter, afin de l&rsquo;en b\u00e9nir.<\/p>\n<p>Sainte Th\u00e9r\u00e8se de l&rsquo;Enfant J\u00e9sus (1873-1897), carm\u00e9lite, docteur de l&rsquo;\u00c9glise<br \/>\nPo\u00e9sie \u00ab Pourquoi je t&rsquo;aime, \u00f4 Marie \u00bb, strophes 4-7 (OC, Cerf DDB 1992, p. 751)<\/p>\n<p>&nbsp;<\/p>\n<p>&nbsp;<\/p>\n<p>&nbsp;<\/p>\n","protected":false},"excerpt":{"rendered":"<p>Oh ! Je t&rsquo;aime, Marie, te disant la servante Du Dieu que tu ravis par ton humilit\u00e9 (Lc 1,38) Cette vertu cach\u00e9e te rend toute-puissante Elle attire en ton c\u0153ur la Sainte Trinit\u00e9 Alors l&rsquo;Esprit d&rsquo;Amour te couvrant de son ombre (Lc 1,35) Le Fils \u00e9gal au P\u00e8re en toi s&rsquo;est incarn\u00e9 De ses fr\u00e8res [&hellip;]<\/p>\n","protected":false},"author":2,"featured_media":0,"comment_status":"closed","ping_status":"closed","sticky":false,"template":"","format":"standard","meta":{"footnotes":""},"categories":[3,27,28],"tags":[127,610,831,1107,1189],"class_list":["post-13954","post","type-post","status-publish","format-standard","hentry","category-liturgique","category-prieres","category-saints-et-saintes","tag-avent","tag-magnificat","tag-priere-et-chant","tag-ste-therese","tag-vierge-marie"],"_links":{"self":[{"href":"https:\/\/www.associationdemarie.org\/blog\/wp-json\/wp\/v2\/posts\/13954","targetHints":{"allow":["GET"]}}],"collection":[{"href":"https:\/\/www.associationdemarie.org\/blog\/wp-json\/wp\/v2\/posts"}],"about":[{"href":"https:\/\/www.associationdemarie.org\/blog\/wp-json\/wp\/v2\/types\/post"}],"author":[{"embeddable":true,"href":"https:\/\/www.associationdemarie.org\/blog\/wp-json\/wp\/v2\/users\/2"}],"replies":[{"embeddable":true,"href":"https:\/\/www.associationdemarie.org\/blog\/wp-json\/wp\/v2\/comments?post=13954"}],"version-history":[{"count":3,"href":"https:\/\/www.associationdemarie.org\/blog\/wp-json\/wp\/v2\/posts\/13954\/revisions"}],"predecessor-version":[{"id":13959,"href":"https:\/\/www.associationdemarie.org\/blog\/wp-json\/wp\/v2\/posts\/13954\/revisions\/13959"}],"wp:attachment":[{"href":"https:\/\/www.associationdemarie.org\/blog\/wp-json\/wp\/v2\/media?parent=13954"}],"wp:term":[{"taxonomy":"category","embeddable":true,"href":"https:\/\/www.associationdemarie.org\/blog\/wp-json\/wp\/v2\/categories?post=13954"},{"taxonomy":"post_tag","embeddable":true,"href":"https:\/\/www.associationdemarie.org\/blog\/wp-json\/wp\/v2\/tags?post=13954"}],"curies":[{"name":"wp","href":"https:\/\/api.w.org\/{rel}","templated":true}]}}