{"id":13938,"date":"2016-12-17T01:12:55","date_gmt":"2016-12-17T00:12:55","guid":{"rendered":"http:\/\/www.associationdemarie.org\/blog\/?p=13938"},"modified":"2016-12-01T06:19:04","modified_gmt":"2016-12-01T05:19:04","slug":"dans-ta-posterite-seront-benies-toutes-les-nations-de-la-terre-gn-2814","status":"publish","type":"post","link":"https:\/\/www.associationdemarie.org\/blog\/dans-ta-posterite-seront-benies-toutes-les-nations-de-la-terre-gn-2814\/","title":{"rendered":"\u00ab Dans ta post\u00e9rit\u00e9 seront b\u00e9nies toutes les nations de la terre. \u00bb (Gn 28,14)"},"content":{"rendered":"<p><a href=\"https:\/\/www.associationdemarie.org\/blog\/wp-content\/uploads\/2016\/12\/1964703150.jpg\"><img loading=\"lazy\" decoding=\"async\" class=\"alignright wp-image-13939\" src=\"https:\/\/www.associationdemarie.org\/blog\/wp-content\/uploads\/2016\/12\/1964703150.jpg\" alt=\"1964703150\" width=\"235\" height=\"425\" srcset=\"https:\/\/www.associationdemarie.org\/blog\/wp-content\/uploads\/2016\/12\/1964703150.jpg 331w, https:\/\/www.associationdemarie.org\/blog\/wp-content\/uploads\/2016\/12\/1964703150-166x300.jpg 166w\" sizes=\"auto, (max-width: 235px) 100vw, 235px\" \/><\/a>On nous lit la g\u00e9n\u00e9alogie du Christ dans saint Matthieu. Cet usage, traditionnel dans la sainte \u00c9glise, n&rsquo;est pas sans de beaux et myst\u00e9rieux motifs. Car en v\u00e9rit\u00e9, cette lecture nous pr\u00e9sente l&rsquo;\u00e9chelle que Jacob a vu de nuit, pendant son sommeil (Gn 28,11s). Tout en haut de cette \u00e9chelle, qui par son sommet touchait les cieux, le Seigneur est apparu \u00e0 Jacob, appuy\u00e9 sur elle, et lui a promis l&rsquo;h\u00e9ritage de la terre&#8230; Or, nous le savons, \u00ab tout leur arrivait de mani\u00e8re symbolique \u00bb (1Co 10,11). Que pr\u00e9figurait donc cette \u00e9chelle sinon la lign\u00e9e d&rsquo;o\u00f9 J\u00e9sus Christ devait na\u00eetre, lign\u00e9e que le saint \u00e9vang\u00e9liste, d&rsquo;une bouche divine, a fait monter de telle sorte qu&rsquo;elle aboutit au Christ en passant par Joseph ? \u00c0 ce Joseph, le Seigneur, petit enfant, est appuy\u00e9. Par la \u00ab Porte du ciel \u00bb (Gn 28,17)&#8230;, c&rsquo;est \u00e0 dire par la Bienheureuse Vierge, notre Seigneur, fait pour nous petit enfant, sort en vagissant&#8230; En son sommeil, Jacob a entendu le Seigneur lui dire : \u00ab Dans ta post\u00e9rit\u00e9 seront b\u00e9nies toutes les nations de la terre \u00bb, et maintenant ce fait est accompli dans la naissance du Christ.<\/p>\n<p>C&rsquo;est bien ce que l&rsquo;\u00e9vang\u00e9liste avait en vue, lorsqu&rsquo;il ins\u00e9rait nomm\u00e9ment dans sa g\u00e9n\u00e9alogie Rahab la prostitu\u00e9e et Ruth la Moabite ; car il voyait bien que le Christ n&rsquo;est pas venu dans la chair pour les juifs seulement, mais aussi pour les pa\u00efens, lui qui a daign\u00e9 recevoir des a\u00efeules prises parmi ces pa\u00efens. Venus donc des deux peuples, les juifs et les pa\u00efens, comme des deux c\u00f4t\u00e9s de l&rsquo;\u00e9chelle, les p\u00e8res anciens, plac\u00e9s aux diff\u00e9rents degr\u00e9s, soutiennent le Christ Seigneur qui sort du haut des cieux. Et tous les saints anges descendent et montent le long de cette \u00e9chelle, et tous les \u00e9lus sont pris d&rsquo;abord dans le mouvement de descente, pour recevoir humblement la foi en l&rsquo;incarnation du Seigneur, et sont ensuite \u00e9lev\u00e9s afin de contempler la gloire de sa divinit\u00e9.<\/p>\n<p>Rupert de Deutz (v. 1075-1130), moine b\u00e9n\u00e9dictin<br \/>\nDe Divinis Officiis, 3, 18 (trad. de Lubac, Catholicisme, p. 333)<\/p>\n<p>&nbsp;<\/p>\n<p>&nbsp;<\/p>\n","protected":false},"excerpt":{"rendered":"<p>On nous lit la g\u00e9n\u00e9alogie du Christ dans saint Matthieu. Cet usage, traditionnel dans la sainte \u00c9glise, n&rsquo;est pas sans de beaux et myst\u00e9rieux motifs. Car en v\u00e9rit\u00e9, cette lecture nous pr\u00e9sente l&rsquo;\u00e9chelle que Jacob a vu de nuit, pendant son sommeil (Gn 28,11s). Tout en haut de cette \u00e9chelle, qui par son sommet touchait [&hellip;]<\/p>\n","protected":false},"author":2,"featured_media":0,"comment_status":"closed","ping_status":"closed","sticky":false,"template":"","format":"standard","meta":{"footnotes":""},"categories":[3,13,1261,28],"tags":[328,513,1401],"class_list":["post-13938","post","type-post","status-publish","format-standard","hentry","category-liturgique","category-ecritures","category-enseignement-2","category-saints-et-saintes","tag-echelle","tag-jacob","tag-rupert-de-deutz"],"_links":{"self":[{"href":"https:\/\/www.associationdemarie.org\/blog\/wp-json\/wp\/v2\/posts\/13938","targetHints":{"allow":["GET"]}}],"collection":[{"href":"https:\/\/www.associationdemarie.org\/blog\/wp-json\/wp\/v2\/posts"}],"about":[{"href":"https:\/\/www.associationdemarie.org\/blog\/wp-json\/wp\/v2\/types\/post"}],"author":[{"embeddable":true,"href":"https:\/\/www.associationdemarie.org\/blog\/wp-json\/wp\/v2\/users\/2"}],"replies":[{"embeddable":true,"href":"https:\/\/www.associationdemarie.org\/blog\/wp-json\/wp\/v2\/comments?post=13938"}],"version-history":[{"count":1,"href":"https:\/\/www.associationdemarie.org\/blog\/wp-json\/wp\/v2\/posts\/13938\/revisions"}],"predecessor-version":[{"id":13940,"href":"https:\/\/www.associationdemarie.org\/blog\/wp-json\/wp\/v2\/posts\/13938\/revisions\/13940"}],"wp:attachment":[{"href":"https:\/\/www.associationdemarie.org\/blog\/wp-json\/wp\/v2\/media?parent=13938"}],"wp:term":[{"taxonomy":"category","embeddable":true,"href":"https:\/\/www.associationdemarie.org\/blog\/wp-json\/wp\/v2\/categories?post=13938"},{"taxonomy":"post_tag","embeddable":true,"href":"https:\/\/www.associationdemarie.org\/blog\/wp-json\/wp\/v2\/tags?post=13938"}],"curies":[{"name":"wp","href":"https:\/\/api.w.org\/{rel}","templated":true}]}}