{"id":13918,"date":"2016-12-11T01:15:04","date_gmt":"2016-12-11T00:15:04","guid":{"rendered":"http:\/\/www.associationdemarie.org\/blog\/?p=13918"},"modified":"2016-11-25T06:16:36","modified_gmt":"2016-11-25T05:16:36","slug":"les-aveugles-voient-les-morts-ressuscitent-la-bonne-nouvelle-est-annoncee-aux-pauvres","status":"publish","type":"post","link":"https:\/\/www.associationdemarie.org\/blog\/les-aveugles-voient-les-morts-ressuscitent-la-bonne-nouvelle-est-annoncee-aux-pauvres\/","title":{"rendered":"\u00ab Les aveugles voient&#8230;, les morts ressuscitent, la Bonne Nouvelle est annonc\u00e9e aux pauvres. \u00bb"},"content":{"rendered":"<p><a href=\"https:\/\/www.associationdemarie.org\/blog\/wp-content\/uploads\/2016\/11\/feu-de-dieu-600x400.jpg\"><img loading=\"lazy\" decoding=\"async\" class=\"aligncenter  wp-image-13919\" src=\"https:\/\/www.associationdemarie.org\/blog\/wp-content\/uploads\/2016\/11\/feu-de-dieu-600x400.jpg\" alt=\"feu-de-dieu-600x400\" width=\"488\" height=\"325\" srcset=\"https:\/\/www.associationdemarie.org\/blog\/wp-content\/uploads\/2016\/11\/feu-de-dieu-600x400.jpg 600w, https:\/\/www.associationdemarie.org\/blog\/wp-content\/uploads\/2016\/11\/feu-de-dieu-600x400-300x200.jpg 300w\" sizes=\"auto, (max-width: 488px) 100vw, 488px\" \/><\/a><\/p>\n<p>\u00ab Celui qui vient apr\u00e8s moi est plus puissant que moi ; lui vous baptisera dans l&rsquo;Esprit Saint et le feu \u00bb (Mt 3,11). Dirons-nous que c&rsquo;est l\u00e0 l&rsquo;\u0153uvre d&rsquo;une humanit\u00e9 pareille \u00e0 la n\u00f4tre que de pouvoir baptiser dans l&rsquo;Esprit Saint et le feu ? Comment cela pourrait-il \u00eatre ? Et pourtant, parlant d&rsquo;un homme qui ne s&rsquo;est pas encore pr\u00e9sent\u00e9, Jean d\u00e9clare que celui-ci baptise \u00ab dans le feu et l&rsquo;Esprit Saint \u00bb. Non pas, comme le ferait un serviteur quelconque, en insufflant aux baptis\u00e9s un Esprit qui n&rsquo;est pas le sien, mais comme quelqu&rsquo;un qui est Dieu par nature, qui donne avec une puissance souveraine ce qui vient de lui et lui appartient en propre. C&rsquo;est gr\u00e2ce \u00e0 cela que l&#8217;empreinte divine s&rsquo;imprime en nous.<\/p>\n<p>En effet, en Christ J\u00e9sus, nous sommes transform\u00e9s comme \u00e0 l&rsquo;image divine ; non que notre corps soit model\u00e9 de nouveau, mais nous recevons le Saint Esprit, entrant en possession du Christ lui-m\u00eame, au point de pouvoir crier d\u00e9sormais dans notre joie : \u00ab Mon \u00e2me exulte dans le Seigneur, car il m&rsquo;a rev\u00eatu de salut et d&rsquo;all\u00e9gresse \u00bb (1S 2,1). L&rsquo;ap\u00f4tre Paul dit en effet : \u00ab Vous tous qui avez \u00e9t\u00e9 baptis\u00e9s dans le Christ, vous avez rev\u00eatu le Christ \u00bb (Ga 3,27).<\/p>\n<p>Est-ce donc en un homme que nous avons \u00e9t\u00e9 baptis\u00e9s ? Silence, toi qui n&rsquo;est qu&rsquo;un homme ; veux-tu rabattre jusqu&rsquo;\u00e0 terre notre esp\u00e9rance ? Nous avons \u00e9t\u00e9 baptis\u00e9s en un Dieu fait homme ; il lib\u00e8re des peines et des fautes tous ceux qui croient en lui. \u00ab Repentez-vous et que chacun de vous se fasse baptiser au nom de J\u00e9sus Christ&#8230; Vous recevrez alors le don du Saint Esprit \u00bb (Ac 2,38). Il d\u00e9lie ceux qui s&rsquo;attachent \u00e0 lui&#8230; ; il fait sourdre en nous sa propre nature&#8230; L&rsquo;Esprit appartient en propre au Fils, qui est devenu un homme semblable \u00e0 nous. Car il est lui-m\u00eame la vie de tout ce qui existe.<\/p>\n<p>Saint Cyrille d&rsquo;Alexandrie (380-444), \u00e9v\u00eaque et docteur de l&rsquo;\u00c9glise<br \/>\nPremier dialogue christologique, 706 ; SC 97 (trad. SC p. 27 rev.)<\/p>\n<p>&nbsp;<\/p>\n<p>&nbsp;<\/p>\n<p>&nbsp;<\/p>\n","protected":false},"excerpt":{"rendered":"<p>\u00ab Celui qui vient apr\u00e8s moi est plus puissant que moi ; lui vous baptisera dans l&rsquo;Esprit Saint et le feu \u00bb (Mt 3,11). Dirons-nous que c&rsquo;est l\u00e0 l&rsquo;\u0153uvre d&rsquo;une humanit\u00e9 pareille \u00e0 la n\u00f4tre que de pouvoir baptiser dans l&rsquo;Esprit Saint et le feu ? Comment cela pourrait-il \u00eatre ? Et pourtant, parlant d&rsquo;un [&hellip;]<\/p>\n","protected":false},"author":2,"featured_media":0,"comment_status":"closed","ping_status":"closed","sticky":false,"template":"","format":"standard","meta":{"footnotes":""},"categories":[3,13,1261,28],"tags":[127,378,1025],"class_list":["post-13918","post","type-post","status-publish","format-standard","hentry","category-liturgique","category-ecritures","category-enseignement-2","category-saints-et-saintes","tag-avent","tag-esprit-saint","tag-st-cyrille"],"_links":{"self":[{"href":"https:\/\/www.associationdemarie.org\/blog\/wp-json\/wp\/v2\/posts\/13918","targetHints":{"allow":["GET"]}}],"collection":[{"href":"https:\/\/www.associationdemarie.org\/blog\/wp-json\/wp\/v2\/posts"}],"about":[{"href":"https:\/\/www.associationdemarie.org\/blog\/wp-json\/wp\/v2\/types\/post"}],"author":[{"embeddable":true,"href":"https:\/\/www.associationdemarie.org\/blog\/wp-json\/wp\/v2\/users\/2"}],"replies":[{"embeddable":true,"href":"https:\/\/www.associationdemarie.org\/blog\/wp-json\/wp\/v2\/comments?post=13918"}],"version-history":[{"count":1,"href":"https:\/\/www.associationdemarie.org\/blog\/wp-json\/wp\/v2\/posts\/13918\/revisions"}],"predecessor-version":[{"id":13920,"href":"https:\/\/www.associationdemarie.org\/blog\/wp-json\/wp\/v2\/posts\/13918\/revisions\/13920"}],"wp:attachment":[{"href":"https:\/\/www.associationdemarie.org\/blog\/wp-json\/wp\/v2\/media?parent=13918"}],"wp:term":[{"taxonomy":"category","embeddable":true,"href":"https:\/\/www.associationdemarie.org\/blog\/wp-json\/wp\/v2\/categories?post=13918"},{"taxonomy":"post_tag","embeddable":true,"href":"https:\/\/www.associationdemarie.org\/blog\/wp-json\/wp\/v2\/tags?post=13918"}],"curies":[{"name":"wp","href":"https:\/\/api.w.org\/{rel}","templated":true}]}}