{"id":13913,"date":"2016-12-10T01:11:38","date_gmt":"2016-12-10T00:11:38","guid":{"rendered":"http:\/\/www.associationdemarie.org\/blog\/?p=13913"},"modified":"2016-11-23T17:19:32","modified_gmt":"2016-11-23T16:19:32","slug":"comme-tu-etais-redoutable-elie-toi-qui-a-ete-emporte-dans-un-tourbillon-de-feu-toi-qui-a-ete-prepare-pour-la-fin-des-temps-si-489-10","status":"publish","type":"post","link":"https:\/\/www.associationdemarie.org\/blog\/comme-tu-etais-redoutable-elie-toi-qui-a-ete-emporte-dans-un-tourbillon-de-feu-toi-qui-a-ete-prepare-pour-la-fin-des-temps-si-489-10\/","title":{"rendered":"\u00ab Comme tu \u00e9tais redoutable \u00c9lie&#8230; toi qui a \u00e9t\u00e9 emport\u00e9 dans un tourbillon de feu&#8230;, toi qui a \u00e9t\u00e9 pr\u00e9par\u00e9 pour la fin des temps. \u00bb (Si 48,9-10)"},"content":{"rendered":"<p><a href=\"https:\/\/www.associationdemarie.org\/blog\/wp-content\/uploads\/2016\/11\/36873265.jpg\"><br \/>\n<\/a><a href=\"https:\/\/www.associationdemarie.org\/blog\/wp-content\/uploads\/2016\/11\/36873265.jpg\"><img loading=\"lazy\" decoding=\"async\" class=\"aligncenter  wp-image-13914\" src=\"https:\/\/www.associationdemarie.org\/blog\/wp-content\/uploads\/2016\/11\/36873265.jpg\" alt=\"36873265\" width=\"421\" height=\"623\" srcset=\"https:\/\/www.associationdemarie.org\/blog\/wp-content\/uploads\/2016\/11\/36873265.jpg 541w, https:\/\/www.associationdemarie.org\/blog\/wp-content\/uploads\/2016\/11\/36873265-203x300.jpg 203w\" sizes=\"auto, (max-width: 421px) 100vw, 421px\" \/><\/a><\/p>\n<p>Devant la perversit\u00e9 des hommes, \u00c9lie le proph\u00e8te a m\u00e9dit\u00e9 de rendre le ch\u00e2timent plus dur encore. Ce que voyant, le Mis\u00e9ricordieux r\u00e9pondit au proph\u00e8te : \u00ab Je sais le z\u00e8le que tu as pour le bien (1R 19,14), je connais ta bonne volont\u00e9, mais j&rsquo;ai compassion des p\u00e9cheurs quand ils sont punis sans mesure. Tu t&rsquo;irrites parce que tu es sans reproche, tu ne peux pas te r\u00e9signer ? Moi, je ne peux pas me r\u00e9signer \u00e0 ce qu&rsquo;un seul se perde (Mt 18,14), car je suis le seul ami des hommes \u00bb (Sg 1,6).<\/p>\n<p>Par la suite le Ma\u00eetre, voyant l&rsquo;humeur abrupte du proph\u00e8te \u00e0 l&rsquo;\u00e9gard des hommes, s&rsquo;est pr\u00e9occup\u00e9 de leur race. Il a \u00e9loign\u00e9 \u00c9lie de la terre qu&rsquo;ils habitaient, disant : \u00ab \u00c9loigne-toi du s\u00e9jour des hommes ; c&rsquo;est moi qui, dans ma mis\u00e9ricorde, descendrai chez les hommes en me faisant homme. Quitte donc la terre et monte, puisque tu ne peux pas tol\u00e9rer les fautes des hommes. Mais moi qui suis du ciel, je vivrai parmi les p\u00e9cheurs et je les sauverai de leurs fautes, moi, le seul ami des hommes.<\/p>\n<p>\u00ab Si tu ne peux pas habiter avec les hommes coupables, viens ici, habite le domaine de mes amis, l\u00e0 o\u00f9 il n&rsquo;y a plus de p\u00e9ch\u00e9. C&rsquo;est moi qui vais descendre, car je peux prendre sur mes \u00e9paules et ramener la brebis \u00e9gar\u00e9e (Lc 15,5), et crier \u00e0 ceux qui peinent : Accourez tous, p\u00e9cheurs, venez \u00e0 moi, reposez-vous (Mt 11,28). Car moi, je ne suis pas venu pour punir ceux que j&rsquo;ai cr\u00e9\u00e9s, mais pour arracher les p\u00e9cheurs \u00e0 l&rsquo;impi\u00e9t\u00e9, moi, le seul ami des hommes. \u00bb<\/p>\n<p>Ainsi \u00c9lie, quand il a \u00e9t\u00e9 \u00e9lev\u00e9 aux cieux (2R 2,11), est apparu alors comme la figure de l&rsquo;avenir. Ce Thesbite (1R 17,1) a \u00e9t\u00e9 enlev\u00e9 par un char de feu ; le Christ a \u00e9t\u00e9 \u00e9lev\u00e9 parmi les nu\u00e9es et les puissances (Ac 1,9). Le premier a laiss\u00e9 tomber du haut du ciel son manteau pour \u00c9lis\u00e9e (2R 2,13) ; le Christ a envoy\u00e9 \u00e0 ses ap\u00f4tres le Saint Esprit, le D\u00e9fenseur (Jn 15,26), que nous les baptis\u00e9s nous avons tous re\u00e7u et par qui nous sommes sanctifi\u00e9s, comme l&rsquo;enseigne \u00e0 tous le seul ami des hommes.<\/p>\n<p>Saint Romanos le M\u00e9lode (?-v. 560), compositeur d&rsquo;hymnes<br \/>\nHymne sur le proph\u00e8te \u00c9lie (trad. SC 99, p. 337)<\/p>\n<p>&nbsp;<\/p>\n<p>&nbsp;<\/p>\n<p>&nbsp;<\/p>\n<p>&nbsp;<\/p>\n","protected":false},"excerpt":{"rendered":"<p>Devant la perversit\u00e9 des hommes, \u00c9lie le proph\u00e8te a m\u00e9dit\u00e9 de rendre le ch\u00e2timent plus dur encore. Ce que voyant, le Mis\u00e9ricordieux r\u00e9pondit au proph\u00e8te : \u00ab Je sais le z\u00e8le que tu as pour le bien (1R 19,14), je connais ta bonne volont\u00e9, mais j&rsquo;ai compassion des p\u00e9cheurs quand ils sont punis sans mesure. [&hellip;]<\/p>\n","protected":false},"author":2,"featured_media":0,"comment_status":"closed","ping_status":"closed","sticky":false,"template":"","format":"standard","meta":{"footnotes":""},"categories":[3,13,1261,28],"tags":[342,378,791,1077],"class_list":["post-13913","post","type-post","status-publish","format-standard","hentry","category-liturgique","category-ecritures","category-enseignement-2","category-saints-et-saintes","tag-elie","tag-esprit-saint","tag-pentecote","tag-st-romanos-le-melode"],"_links":{"self":[{"href":"https:\/\/www.associationdemarie.org\/blog\/wp-json\/wp\/v2\/posts\/13913","targetHints":{"allow":["GET"]}}],"collection":[{"href":"https:\/\/www.associationdemarie.org\/blog\/wp-json\/wp\/v2\/posts"}],"about":[{"href":"https:\/\/www.associationdemarie.org\/blog\/wp-json\/wp\/v2\/types\/post"}],"author":[{"embeddable":true,"href":"https:\/\/www.associationdemarie.org\/blog\/wp-json\/wp\/v2\/users\/2"}],"replies":[{"embeddable":true,"href":"https:\/\/www.associationdemarie.org\/blog\/wp-json\/wp\/v2\/comments?post=13913"}],"version-history":[{"count":2,"href":"https:\/\/www.associationdemarie.org\/blog\/wp-json\/wp\/v2\/posts\/13913\/revisions"}],"predecessor-version":[{"id":13916,"href":"https:\/\/www.associationdemarie.org\/blog\/wp-json\/wp\/v2\/posts\/13913\/revisions\/13916"}],"wp:attachment":[{"href":"https:\/\/www.associationdemarie.org\/blog\/wp-json\/wp\/v2\/media?parent=13913"}],"wp:term":[{"taxonomy":"category","embeddable":true,"href":"https:\/\/www.associationdemarie.org\/blog\/wp-json\/wp\/v2\/categories?post=13913"},{"taxonomy":"post_tag","embeddable":true,"href":"https:\/\/www.associationdemarie.org\/blog\/wp-json\/wp\/v2\/tags?post=13913"}],"curies":[{"name":"wp","href":"https:\/\/api.w.org\/{rel}","templated":true}]}}