{"id":13875,"date":"2016-11-30T01:53:19","date_gmt":"2016-11-30T00:53:19","guid":{"rendered":"http:\/\/www.associationdemarie.org\/blog\/?p=13875"},"modified":"2016-11-14T05:56:45","modified_gmt":"2016-11-14T04:56:45","slug":"fete-de-saint-andre-apotre","status":"publish","type":"post","link":"https:\/\/www.associationdemarie.org\/blog\/fete-de-saint-andre-apotre\/","title":{"rendered":"F\u00eate de saint Andr\u00e9, ap\u00f4tre"},"content":{"rendered":"<p><a href=\"https:\/\/www.associationdemarie.org\/blog\/wp-content\/uploads\/2012\/12\/Jesus-appelle-ses-disciples.jpg\"><img loading=\"lazy\" decoding=\"async\" class=\"aligncenter  wp-image-6674\" src=\"https:\/\/www.associationdemarie.org\/blog\/wp-content\/uploads\/2012\/12\/Jesus-appelle-ses-disciples.jpg\" alt=\"Jesus-appelle-ses-disciples\" width=\"435\" height=\"214\" srcset=\"https:\/\/www.associationdemarie.org\/blog\/wp-content\/uploads\/2012\/12\/Jesus-appelle-ses-disciples.jpg 579w, https:\/\/www.associationdemarie.org\/blog\/wp-content\/uploads\/2012\/12\/Jesus-appelle-ses-disciples-300x147.jpg 300w\" sizes=\"auto, (max-width: 435px) 100vw, 435px\" \/><\/a><\/p>\n<p>Quand tu avais entendu la voix du Pr\u00e9curseur&#8230;, quand le Verbe s&rsquo;est fait chair et a apport\u00e9 la Bonne Nouvelle du salut \u00e0 la terre, tu es venu te mettre \u00e0 sa suite en t&rsquo;offrant toi-m\u00eame comme pr\u00e9mices, comme premi\u00e8re offrande \u00e0 Celui que tu as fait ensuite conna\u00eetre, et tu l&rsquo;as d\u00e9sign\u00e9 \u00e0 ton fr\u00e8re comme \u00e9tant notre Dieu (Jn 1,35-41) : prie-le de sauver et d&rsquo;illuminer nos \u00e2mes&#8230;<\/p>\n<p>Tu abandonnes la p\u00eache des poissons pour p\u00eacher les hommes avec la ligne de la pr\u00e9dication et l&rsquo;hame\u00e7on de la foi. Tu as retir\u00e9 tous les peuples de l&rsquo;ab\u00eeme de l&rsquo;erreur, Andr\u00e9, fr\u00e8re du chef du ch\u0153ur des ap\u00f4tres, dont la voix retentit pour instruire toute la terre. Viens illuminer ceux qui c\u00e9l\u00e8brent ta douce m\u00e9moire, ceux qui sont dans les t\u00e9n\u00e8bres&#8230;<\/p>\n<p>Andr\u00e9, le premier appel\u00e9 parmi tes disciples, Seigneur, a imit\u00e9 ta Passion ; il s&rsquo;est rendu semblable \u00e0 toi \u00e9galement dans la mort. Par ta croix il a p\u00each\u00e9 de l&rsquo;ab\u00eeme de l&rsquo;ignorance ceux qui s&rsquo;y \u00e9garaient autrefois, afin de les porter jusqu&rsquo;\u00e0 toi. C&rsquo;est pourquoi nous te chantons, Seigneur de bont\u00e9 : par son intercession donne la paix \u00e0 nos \u00e2mes&#8230;<\/p>\n<p>R\u00e9jouis-toi, Andr\u00e9, qui racontes partout la gloire de notre Dieu, comme le ciel \u00e9loquent (Ps 18,2). Toi le premier, tu as r\u00e9pondu \u00e0 l&rsquo;appel du Christ et es devenu son compagnon intime ; imitant sa bont\u00e9, tu r\u00e9fl\u00e9chis sa clart\u00e9 sur ceux qui habitent dans les t\u00e9n\u00e8bres. C&rsquo;est pourquoi nous c\u00e9l\u00e9brons ta sainte f\u00eate et chantons : \u00ab Par toute la terre a retenti leur message, leur parole jusqu&rsquo;aux limites du monde \u00bb (Ps 18,5).<\/p>\n<p>Liturgie byzantine<br \/>\nV\u00eapres du 30 novembre<\/p>\n<p>&nbsp;<\/p>\n<p>&nbsp;<\/p>\n<p>&nbsp;<\/p>\n","protected":false},"excerpt":{"rendered":"<p>Quand tu avais entendu la voix du Pr\u00e9curseur&#8230;, quand le Verbe s&rsquo;est fait chair et a apport\u00e9 la Bonne Nouvelle du salut \u00e0 la terre, tu es venu te mettre \u00e0 sa suite en t&rsquo;offrant toi-m\u00eame comme pr\u00e9mices, comme premi\u00e8re offrande \u00e0 Celui que tu as fait ensuite conna\u00eetre, et tu l&rsquo;as d\u00e9sign\u00e9 \u00e0 ton [&hellip;]<\/p>\n","protected":false},"author":2,"featured_media":0,"comment_status":"closed","ping_status":"closed","sticky":false,"template":"","format":"standard","meta":{"footnotes":""},"categories":[3,13,1261,28],"tags":[1367,1009],"class_list":["post-13875","post","type-post","status-publish","format-standard","hentry","category-liturgique","category-ecritures","category-enseignement-2","category-saints-et-saintes","tag-pecheurs","tag-st-andre"],"_links":{"self":[{"href":"https:\/\/www.associationdemarie.org\/blog\/wp-json\/wp\/v2\/posts\/13875","targetHints":{"allow":["GET"]}}],"collection":[{"href":"https:\/\/www.associationdemarie.org\/blog\/wp-json\/wp\/v2\/posts"}],"about":[{"href":"https:\/\/www.associationdemarie.org\/blog\/wp-json\/wp\/v2\/types\/post"}],"author":[{"embeddable":true,"href":"https:\/\/www.associationdemarie.org\/blog\/wp-json\/wp\/v2\/users\/2"}],"replies":[{"embeddable":true,"href":"https:\/\/www.associationdemarie.org\/blog\/wp-json\/wp\/v2\/comments?post=13875"}],"version-history":[{"count":2,"href":"https:\/\/www.associationdemarie.org\/blog\/wp-json\/wp\/v2\/posts\/13875\/revisions"}],"predecessor-version":[{"id":13877,"href":"https:\/\/www.associationdemarie.org\/blog\/wp-json\/wp\/v2\/posts\/13875\/revisions\/13877"}],"wp:attachment":[{"href":"https:\/\/www.associationdemarie.org\/blog\/wp-json\/wp\/v2\/media?parent=13875"}],"wp:term":[{"taxonomy":"category","embeddable":true,"href":"https:\/\/www.associationdemarie.org\/blog\/wp-json\/wp\/v2\/categories?post=13875"},{"taxonomy":"post_tag","embeddable":true,"href":"https:\/\/www.associationdemarie.org\/blog\/wp-json\/wp\/v2\/tags?post=13875"}],"curies":[{"name":"wp","href":"https:\/\/api.w.org\/{rel}","templated":true}]}}