{"id":13867,"date":"2016-11-28T01:31:44","date_gmt":"2016-11-28T00:31:44","guid":{"rendered":"http:\/\/www.associationdemarie.org\/blog\/?p=13867"},"modified":"2016-11-09T19:33:37","modified_gmt":"2016-11-09T18:33:37","slug":"paroles-du-christ","status":"publish","type":"post","link":"https:\/\/www.associationdemarie.org\/blog\/paroles-du-christ\/","title":{"rendered":"Paroles du Christ"},"content":{"rendered":"<p><a href=\"https:\/\/www.associationdemarie.org\/blog\/wp-content\/uploads\/2016\/11\/9aa2c2956e3f812722fdc6338836cc29.jpg\"><img loading=\"lazy\" decoding=\"async\" class=\"aligncenter  wp-image-13868\" src=\"https:\/\/www.associationdemarie.org\/blog\/wp-content\/uploads\/2016\/11\/9aa2c2956e3f812722fdc6338836cc29.jpg\" alt=\"9aa2c2956e3f812722fdc6338836cc29\" width=\"341\" height=\"464\" srcset=\"https:\/\/www.associationdemarie.org\/blog\/wp-content\/uploads\/2016\/11\/9aa2c2956e3f812722fdc6338836cc29.jpg 236w, https:\/\/www.associationdemarie.org\/blog\/wp-content\/uploads\/2016\/11\/9aa2c2956e3f812722fdc6338836cc29-221x300.jpg 221w\" sizes=\"auto, (max-width: 341px) 100vw, 341px\" \/><\/a><\/p>\n<p>J\u00e9sus ne se cache pas derri\u00e8re un titre, un dipl\u00f4me, une r\u00e9f\u00e9rence, une marque, un ma\u00eetre \u00e0 penser. Il n\u2019ass\u00e8ne pas sa propre v\u00e9rit\u00e9, Il la laisse percevoir, sans l\u2019imposer. C\u2019est une adh\u00e9sion du c\u0153ur, de l\u2019esprit, non une contrainte.<br \/>\nDe ce fait, nous ne sommes pas des robots, des gens dress\u00e9s. Ce qui est extraordinaire, ce qui devrait nous \u00e9tonner, c\u2019est que nous pouvons douter. Nous pouvons douter de l\u2019autorit\u00e9 de J\u00e9sus. Lui-m\u00eame le permet. Lui-m\u00eame le d\u00e9sire. Lui-m\u00eame le suscite.<br \/>\nCette mani\u00e8re de se dire doit nous \u00e9veiller \u00e0 ce que nous ne percevons pas. \u00ab Il y a parmi vous quelqu\u2019un que vous ne connaissez pas \u00bb. Parmi nous, il y a peut-\u00eatre beaucoup plus que ce que nous voyons et percevons. Il y a peut-\u00eatre quelque chose, quelqu\u2019un qui ne s\u2019impose pas.<br \/>\nLa v\u00e9ritable autorit\u00e9 \u00e9mane des \u00eatres qui font tout ce qu\u2019ils peuvent, ni plus ni moins. Le Messie agit et c\u2019est ensuite qu\u2019Il est reconnu. M\u00eame si dans nos vies, nous peinons \u00e0 L\u2019y percevoir, osons le Lui demander. \u00ab Si Tu es l\u00e0, dis-le-moi, j\u2019aimerais Te rencontrer \u00bb.<\/p>\n<p>Sr Marie Monnet, dominicaine<br \/>\nExtrait de la m\u00e9ditation sur Jean 1, 26 \u00ab\u00a0Au milieu de vous se tient celui que vous ne connaissez pas.\u00a0\u00bb<br \/>\nmarche.retraitedanslaville.org<\/p>\n<p>&nbsp;<\/p>\n<p>&nbsp;<\/p>\n<p>&nbsp;<\/p>\n","protected":false},"excerpt":{"rendered":"<p>J\u00e9sus ne se cache pas derri\u00e8re un titre, un dipl\u00f4me, une r\u00e9f\u00e9rence, une marque, un ma\u00eetre \u00e0 penser. Il n\u2019ass\u00e8ne pas sa propre v\u00e9rit\u00e9, Il la laisse percevoir, sans l\u2019imposer. C\u2019est une adh\u00e9sion du c\u0153ur, de l\u2019esprit, non une contrainte. De ce fait, nous ne sommes pas des robots, des gens dress\u00e9s. Ce qui est [&hellip;]<\/p>\n","protected":false},"author":2,"featured_media":0,"comment_status":"closed","ping_status":"closed","sticky":false,"template":"","format":"standard","meta":{"footnotes":""},"categories":[1261],"tags":[771],"class_list":["post-13867","post","type-post","status-publish","format-standard","hentry","category-enseignement-2","tag-parole-divine"],"_links":{"self":[{"href":"https:\/\/www.associationdemarie.org\/blog\/wp-json\/wp\/v2\/posts\/13867","targetHints":{"allow":["GET"]}}],"collection":[{"href":"https:\/\/www.associationdemarie.org\/blog\/wp-json\/wp\/v2\/posts"}],"about":[{"href":"https:\/\/www.associationdemarie.org\/blog\/wp-json\/wp\/v2\/types\/post"}],"author":[{"embeddable":true,"href":"https:\/\/www.associationdemarie.org\/blog\/wp-json\/wp\/v2\/users\/2"}],"replies":[{"embeddable":true,"href":"https:\/\/www.associationdemarie.org\/blog\/wp-json\/wp\/v2\/comments?post=13867"}],"version-history":[{"count":1,"href":"https:\/\/www.associationdemarie.org\/blog\/wp-json\/wp\/v2\/posts\/13867\/revisions"}],"predecessor-version":[{"id":13869,"href":"https:\/\/www.associationdemarie.org\/blog\/wp-json\/wp\/v2\/posts\/13867\/revisions\/13869"}],"wp:attachment":[{"href":"https:\/\/www.associationdemarie.org\/blog\/wp-json\/wp\/v2\/media?parent=13867"}],"wp:term":[{"taxonomy":"category","embeddable":true,"href":"https:\/\/www.associationdemarie.org\/blog\/wp-json\/wp\/v2\/categories?post=13867"},{"taxonomy":"post_tag","embeddable":true,"href":"https:\/\/www.associationdemarie.org\/blog\/wp-json\/wp\/v2\/tags?post=13867"}],"curies":[{"name":"wp","href":"https:\/\/api.w.org\/{rel}","templated":true}]}}