{"id":13863,"date":"2016-11-27T01:38:52","date_gmt":"2016-11-27T00:38:52","guid":{"rendered":"http:\/\/www.associationdemarie.org\/blog\/?p=13863"},"modified":"2016-11-09T06:43:07","modified_gmt":"2016-11-09T05:43:07","slug":"premier-dimanche-de-lavent-4","status":"publish","type":"post","link":"https:\/\/www.associationdemarie.org\/blog\/premier-dimanche-de-lavent-4\/","title":{"rendered":"Premier dimanche de l&rsquo;Avent"},"content":{"rendered":"<p><a href=\"https:\/\/www.associationdemarie.org\/blog\/wp-content\/uploads\/2016\/11\/Nativita_di_San_Giovanni_Battista_AX.jpg\"><img loading=\"lazy\" decoding=\"async\" class=\"alignright  wp-image-13864\" src=\"https:\/\/www.associationdemarie.org\/blog\/wp-content\/uploads\/2016\/11\/Nativita_di_San_Giovanni_Battista_AX.jpg\" alt=\"nativita_di_san_giovanni_battista_ax\" width=\"163\" height=\"243\" srcset=\"https:\/\/www.associationdemarie.org\/blog\/wp-content\/uploads\/2016\/11\/Nativita_di_San_Giovanni_Battista_AX.jpg 482w, https:\/\/www.associationdemarie.org\/blog\/wp-content\/uploads\/2016\/11\/Nativita_di_San_Giovanni_Battista_AX-201x300.jpg 201w\" sizes=\"auto, (max-width: 163px) 100vw, 163px\" \/><\/a>Pendant les messes de l&rsquo;Avent, les lectures rappellent d&rsquo;abord la longue attente par les H\u00e9breux du Sauveur annonc\u00e9 par Dieu : \u00ab Un rameau sortira de la souche de Jess\u00e9 (p\u00e8re de David), un rejeton jaillira de ses racines. Sur lui reposera l&rsquo;esprit du Seigneur : esprit de sagesse et de discernement, esprit de conseil et de force, esprit de connaissance et de crainte du Seigneur. Il ne jugera pas d&rsquo;apr\u00e8s les apparences, il ne tranchera pas d&rsquo;apr\u00e8s ce qu&rsquo;il entend dire. Il jugera les petits avec justice, il tranchera avec droiture en faveur des pauvres du pays&#8230;\u00bb (Is 11, 1-4).<\/p>\n<p>Les lectures de l&rsquo;Avent rappellent \u00e9galement comment fut con\u00e7u et attendu l&rsquo;enfant J\u00e9sus : l&rsquo;ange Gabriel appara\u00eet \u00e0 Marie et lui annonce qu&rsquo;elle va \u00ab concevoir et enfanter un fils ; tu lui donneras le nom de J\u00e9sus (&#8230;) L&rsquo;esprit Saint viendra sur toi, et la puissance du Tr\u00e8s-Haut te prendra sous son ombre ; c&rsquo;est pourquoi celui qui va na\u00eetre sera saint, et il sera appel\u00e9 Fils de Dieu \u00bb (Lc 1, 26-38)<\/p>\n<p>Jean-Baptiste, fils d&rsquo;Elizabeth et cousin de J\u00e9sus, appelait ses prochains \u00e0 la conversion et annon\u00e7ait la venue imminente du Fils de Dieu en ces termes : \u00ab Moi, je vous baptise dans l&rsquo;eau, pour vous amener \u00e0 la conversion. Mais celui qui vient derri\u00e8re moi est plus fort que moi, et je ne suis pas digne de lui retirer ses sandales. Lui vous baptisera dans l&rsquo;Esprit Saint et dans le feu \u00bb (Mc 1,1.8 et Jn 1,19.28)<\/p>\n<p>De m\u00eame, le temps de l&rsquo;Avent appelle \u00e0 la conversion int\u00e9rieure. Les c\u00e9l\u00e9brations rappellent, en permanence et avec force, que les fid\u00e8les doivent \u00eatre mobilis\u00e9s spirituellement pour que la foi soit un ferment constant de renouvellement personnel et social autant que de confiance dans l&rsquo;avenir.<\/p>\n<p><strong>Temps de l&rsquo;Avent<\/strong><\/p>\n<p>Dans le Calendrier liturgique catholique, le temps de l&rsquo;Avent est constitu\u00e9 de 4 semaines, commen\u00e7ant chacune par un dimanche dont les noms traditionnels correspondent aux premiers mots de l&rsquo;Antienne d&rsquo;ouverture :<br \/>\n\u00d8Premier dimanche de l&rsquo;Avent : Ad Te levavi&#8230; (= Vers Toi, Seigneur, j&rsquo;\u00e9l\u00e8ve mon \u00e2me)<br \/>\n\u00d8Deuxi\u00e8me dimanche de l&rsquo;Avent : Populus Sion&#8230; (= Peuple de Dieu)<br \/>\n\u00d8Troisi\u00e8me dimanche de l&rsquo;Avent : Gaudete&#8230; (= Soyez dans la joie du Seigneur)<br \/>\n\u00d8Quatri\u00e8me dimanche de l&rsquo;Avent : Rorate&#8230; (=Cieux, faites venir le Juste comme une ros\u00e9e).<\/p>\n<p><a href=\"https:\/\/www.associationdemarie.org\/blog\/wp-content\/uploads\/2016\/11\/107769739.jpg\"><img loading=\"lazy\" decoding=\"async\" class=\"size-full wp-image-13865 aligncenter\" src=\"https:\/\/www.associationdemarie.org\/blog\/wp-content\/uploads\/2016\/11\/107769739.jpg\" alt=\"107769739\" width=\"566\" height=\"330\" srcset=\"https:\/\/www.associationdemarie.org\/blog\/wp-content\/uploads\/2016\/11\/107769739.jpg 566w, https:\/\/www.associationdemarie.org\/blog\/wp-content\/uploads\/2016\/11\/107769739-300x175.jpg 300w\" sizes=\"auto, (max-width: 566px) 100vw, 566px\" \/><\/a><\/p>\n<p>Chers fr\u00e8res et s\u0153urs,<\/p>\n<p>Aujourd&rsquo;hui, premier dimanche de l&rsquo;Avent, l&rsquo;\u00c9glise commence une nouvelle ann\u00e9e liturgique, un nouveau chemin de foi, qui, d&rsquo;une part, fait m\u00e9moire de l&rsquo;\u00e9v\u00e9nement de J\u00e9sus Christ, et de l&rsquo;autre, s&rsquo;ouvre \u00e0 son accomplissement final.<\/p>\n<p>C&rsquo;est justement de cette double perspective que vit le temps de l&rsquo;Avent, en regardant vers la premi\u00e8re venue du Fils de Dieu, lorsqu&rsquo;il na\u00eet de la Vierge Marie, et vers son retour glorieux, quand il \u00ab viendra pour juger les vivants et les morts \u00bb, comme nous le disons dans le Credo. Je voudrais m&rsquo;arr\u00eater maintenant bri\u00e8vement sur ce th\u00e8me suggestif de \u00ab l&rsquo;attente \u00bb, parce qu&rsquo;il s&rsquo;agit d&rsquo;un aspect profond\u00e9ment humain, o\u00f9 la foi, pour ainsi dire, ne fait qu\u2019un avec notre chair et notre c\u0153ur.<\/p>\n<p>L&rsquo;attente, le fait d&rsquo;attendre, est une dimension qui traverse toute notre existence personnelle, familiale et sociale. L&rsquo;attente est pr\u00e9sente dans mille situations, des plus petites et banales, aux plus importantes, qui nous touchent totalement et au plus profond de nous-m\u00eames. Nous pensons entre autres \u00e0 l&rsquo;attente d&rsquo;un enfant par des \u00e9poux ; \u00e0 l&rsquo;attente d&rsquo;un parent ou d&rsquo;un ami qui vient de loin pour nous rendre visite ; nous pensons, pour un jeune, \u00e0 l&rsquo;attente du r\u00e9sultat d&rsquo;un examen d\u00e9cisif, ou d&rsquo;un entretien d&#8217;embauche ; dans les relations affectives, l&rsquo;attente de la rencontre d&rsquo;une personne aim\u00e9e, de la r\u00e9ponse \u00e0 une lettre, ou de l&rsquo;accueil d&rsquo;un pardon&#8230; On pourrait dire que l&rsquo;homme est vivant tant qu&rsquo;il attend, tant que l&rsquo;esp\u00e9rance est vivante en son c\u0153ur. C&rsquo;est \u00e0 ses attentes que l&rsquo;on reconna\u00eet l&rsquo;homme : notre \u00abstature\u00bb morale et spirituelle peut \u00eatre mesur\u00e9e \u00e0 partir de ce que nous attendons, de ce en quoi nous esp\u00e9rons.<\/p>\n<p>Chacun de nous peut donc, sp\u00e9cialement en ce Temps qui nous pr\u00e9pare \u00e0 No\u00ebl, se demander : \u00ab Moi, qu&rsquo;est-ce que j&rsquo;attends? A quoi, en ce moment de ma vie, mon c\u0153ur aspire-t-il? \u00bb. On peut se poser la m\u00eame question au niveau familial, communautaire, national. Qu&rsquo;est-ce que nous attendons, tous ensemble ? Qu&rsquo;est-ce qui unit nos aspirations, qu&rsquo;est-ce que nous avons en commun ? Dans le temps qui a pr\u00e9c\u00e9d\u00e9 la naissance de J\u00e9sus, l&rsquo;attente du Messie \u00e9tait tr\u00e8s forte en Isra\u00ebl, l\u2019attente d&rsquo;un Consacr\u00e9, descendant du roi David, qui aurait finalement lib\u00e9r\u00e9 le peuple de tout esclavage moral et politique et instaur\u00e9 le Royaume de Dieu. Mais personne n&rsquo;aurait jamais imagin\u00e9 que le Messie puisse na\u00eetre d&rsquo;une humble jeune fille comme Marie, promise en mariage au juste Joseph. Elle non plus n&rsquo;y aurait jamais pens\u00e9, et pourtant, dans son c\u0153ur, l&rsquo;attente du Sauveur \u00e9tait si grande, sa foi et son esp\u00e9rance \u00e9taient si ardentes, qu&rsquo;Il a pu trouver en elle une m\u00e8re digne. Du reste, Dieu lui-m\u00eame l&rsquo;avait pr\u00e9par\u00e9e, avant tous les si\u00e8cles. Il y a une correspondance myst\u00e9rieuse entre l&rsquo;attente de Dieu et celle de Marie, la cr\u00e9ature \u00ab pleine de gr\u00e2ce \u00bb, totalement transparente au dessein d&rsquo;amour du Tr\u00e8s Haut. Apprenons d&rsquo;elle, la Femme de l&rsquo;Avent, \u00e0 vivre les gestes quotidiens avec un esprit nouveau, avec le sentiment d&rsquo;une profonde attente, que seule la venue de Dieu peut combler.<\/p>\n<p>Je souhaite \u00e0 tous un dimanche serein et un bon chemin de l\u2019Avent.<\/p>\n<p>BENOIT XVI<\/p>\n<p>&nbsp;<\/p>\n<p>\u00a9 Copyright 2010 &#8211; Libreria Editrice Vaticana<\/p>\n<p>&nbsp;<\/p>\n<p>&nbsp;<\/p>\n<p>&nbsp;<\/p>\n","protected":false},"excerpt":{"rendered":"<p>Pendant les messes de l&rsquo;Avent, les lectures rappellent d&rsquo;abord la longue attente par les H\u00e9breux du Sauveur annonc\u00e9 par Dieu : \u00ab Un rameau sortira de la souche de Jess\u00e9 (p\u00e8re de David), un rejeton jaillira de ses racines. Sur lui reposera l&rsquo;esprit du Seigneur : esprit de sagesse et de discernement, esprit de conseil [&hellip;]<\/p>\n","protected":false},"author":2,"featured_media":0,"comment_status":"closed","ping_status":"closed","sticky":false,"template":"","format":"standard","meta":{"footnotes":""},"categories":[3,13],"tags":[127],"class_list":["post-13863","post","type-post","status-publish","format-standard","hentry","category-liturgique","category-ecritures","tag-avent"],"_links":{"self":[{"href":"https:\/\/www.associationdemarie.org\/blog\/wp-json\/wp\/v2\/posts\/13863","targetHints":{"allow":["GET"]}}],"collection":[{"href":"https:\/\/www.associationdemarie.org\/blog\/wp-json\/wp\/v2\/posts"}],"about":[{"href":"https:\/\/www.associationdemarie.org\/blog\/wp-json\/wp\/v2\/types\/post"}],"author":[{"embeddable":true,"href":"https:\/\/www.associationdemarie.org\/blog\/wp-json\/wp\/v2\/users\/2"}],"replies":[{"embeddable":true,"href":"https:\/\/www.associationdemarie.org\/blog\/wp-json\/wp\/v2\/comments?post=13863"}],"version-history":[{"count":1,"href":"https:\/\/www.associationdemarie.org\/blog\/wp-json\/wp\/v2\/posts\/13863\/revisions"}],"predecessor-version":[{"id":13866,"href":"https:\/\/www.associationdemarie.org\/blog\/wp-json\/wp\/v2\/posts\/13863\/revisions\/13866"}],"wp:attachment":[{"href":"https:\/\/www.associationdemarie.org\/blog\/wp-json\/wp\/v2\/media?parent=13863"}],"wp:term":[{"taxonomy":"category","embeddable":true,"href":"https:\/\/www.associationdemarie.org\/blog\/wp-json\/wp\/v2\/categories?post=13863"},{"taxonomy":"post_tag","embeddable":true,"href":"https:\/\/www.associationdemarie.org\/blog\/wp-json\/wp\/v2\/tags?post=13863"}],"curies":[{"name":"wp","href":"https:\/\/api.w.org\/{rel}","templated":true}]}}