{"id":13830,"date":"2016-11-19T01:21:39","date_gmt":"2016-11-19T00:21:39","guid":{"rendered":"http:\/\/www.associationdemarie.org\/blog\/?p=13830"},"modified":"2016-11-03T21:23:06","modified_gmt":"2016-11-03T20:23:06","slug":"tous-saints-2","status":"publish","type":"post","link":"https:\/\/www.associationdemarie.org\/blog\/tous-saints-2\/","title":{"rendered":"Tous Saints"},"content":{"rendered":"<p><a href=\"https:\/\/www.associationdemarie.org\/blog\/wp-content\/uploads\/2016\/11\/cid_75394067-20AF-40DE-93FB-A97830C74162.jpg\"><img loading=\"lazy\" decoding=\"async\" class=\"aligncenter  wp-image-13831\" src=\"https:\/\/www.associationdemarie.org\/blog\/wp-content\/uploads\/2016\/11\/cid_75394067-20AF-40DE-93FB-A97830C74162.jpg\" alt=\"cid_75394067-20af-40de-93fb-a97830c74162\" width=\"462\" height=\"307\" srcset=\"https:\/\/www.associationdemarie.org\/blog\/wp-content\/uploads\/2016\/11\/cid_75394067-20AF-40DE-93FB-A97830C74162.jpg 1200w, https:\/\/www.associationdemarie.org\/blog\/wp-content\/uploads\/2016\/11\/cid_75394067-20AF-40DE-93FB-A97830C74162-300x200.jpg 300w, https:\/\/www.associationdemarie.org\/blog\/wp-content\/uploads\/2016\/11\/cid_75394067-20AF-40DE-93FB-A97830C74162-1024x682.jpg 1024w\" sizes=\"auto, (max-width: 462px) 100vw, 462px\" \/><\/a><\/p>\n<p>Les saints, ce ne sont pas uniquement ceux qui sont au calendrier et donn\u00e9s en mod\u00e8le, car c&rsquo;est aussi (et m\u00eame proportionnellement surtout) la masse incalculable des inconnus et des oubli\u00e9s qui ont \u00e9t\u00e9 sanctifi\u00e9s. Entendons par l\u00e0 qu&rsquo;ils ont \u00e9t\u00e9 rendus saints, c&rsquo;est-\u00e0-dire assez purs pour \u00eatre proches de Dieu en qui rien n&rsquo;est corrompu par son contraire ni divis\u00e9 comme chez Satan (cf Luc 11,18). Les saints sont donc tous ceux qui ont \u00e9t\u00e9 sauv\u00e9s des contradictions o\u00f9 s&#8217;emp\u00eatre et se d\u00e9truit l&rsquo;homme qui entend se passer de son Cr\u00e9ateur. Ils ont \u00e9t\u00e9 litt\u00e9ralement unifi\u00e9s en se laissant unir \u00e0 Dieu par leur appartenance \u00e0 l&rsquo;\u00c9glise, leur foi et leurs oeuvres.<br \/>\nL&rsquo;historiographie est impuissante \u00e0 recenser tous ces gens, autrement dit \u00e0 mesurer l&rsquo;ampleur du Salut. Et il y a encore tous ceux auxquels leur droiture, m\u00eame si elle n&rsquo;\u00e9tait qu&rsquo;instinctive, a \u00e9pargn\u00e9 l&rsquo;auto-d\u00e9molition bien qu&rsquo;ils n&rsquo;aient pas pu recevoir le bapt\u00eame parce qu&rsquo;ils \u00e9taient n\u00e9s trop t\u00f4t ou en un lieu o\u00f9 ils n&rsquo;avaient aucune chance que cette gr\u00e2ce leur soit concr\u00e8tement offerte.<\/p>\n<p>Jean Duchesne, membre de l&rsquo;Observatoire Foi et Culture<br \/>\nExtrait de \u00ab\u00a0Le vrai sens de la Toussaint\u00a0\u00bb<br \/>\naleteia.org 01\/11\/2016<\/p>\n<p>&nbsp;<\/p>\n<p>&nbsp;<\/p>\n<p>&nbsp;<\/p>\n","protected":false},"excerpt":{"rendered":"<p>Les saints, ce ne sont pas uniquement ceux qui sont au calendrier et donn\u00e9s en mod\u00e8le, car c&rsquo;est aussi (et m\u00eame proportionnellement surtout) la masse incalculable des inconnus et des oubli\u00e9s qui ont \u00e9t\u00e9 sanctifi\u00e9s. Entendons par l\u00e0 qu&rsquo;ils ont \u00e9t\u00e9 rendus saints, c&rsquo;est-\u00e0-dire assez purs pour \u00eatre proches de Dieu en qui rien n&rsquo;est [&hellip;]<\/p>\n","protected":false},"author":2,"featured_media":0,"comment_status":"closed","ping_status":"closed","sticky":false,"template":"","format":"standard","meta":{"footnotes":""},"categories":[28],"tags":[945],"class_list":["post-13830","post","type-post","status-publish","format-standard","hentry","category-saints-et-saintes","tag-saints"],"_links":{"self":[{"href":"https:\/\/www.associationdemarie.org\/blog\/wp-json\/wp\/v2\/posts\/13830","targetHints":{"allow":["GET"]}}],"collection":[{"href":"https:\/\/www.associationdemarie.org\/blog\/wp-json\/wp\/v2\/posts"}],"about":[{"href":"https:\/\/www.associationdemarie.org\/blog\/wp-json\/wp\/v2\/types\/post"}],"author":[{"embeddable":true,"href":"https:\/\/www.associationdemarie.org\/blog\/wp-json\/wp\/v2\/users\/2"}],"replies":[{"embeddable":true,"href":"https:\/\/www.associationdemarie.org\/blog\/wp-json\/wp\/v2\/comments?post=13830"}],"version-history":[{"count":2,"href":"https:\/\/www.associationdemarie.org\/blog\/wp-json\/wp\/v2\/posts\/13830\/revisions"}],"predecessor-version":[{"id":13833,"href":"https:\/\/www.associationdemarie.org\/blog\/wp-json\/wp\/v2\/posts\/13830\/revisions\/13833"}],"wp:attachment":[{"href":"https:\/\/www.associationdemarie.org\/blog\/wp-json\/wp\/v2\/media?parent=13830"}],"wp:term":[{"taxonomy":"category","embeddable":true,"href":"https:\/\/www.associationdemarie.org\/blog\/wp-json\/wp\/v2\/categories?post=13830"},{"taxonomy":"post_tag","embeddable":true,"href":"https:\/\/www.associationdemarie.org\/blog\/wp-json\/wp\/v2\/tags?post=13830"}],"curies":[{"name":"wp","href":"https:\/\/api.w.org\/{rel}","templated":true}]}}