{"id":13711,"date":"2016-10-25T01:11:26","date_gmt":"2016-10-25T00:11:26","guid":{"rendered":"http:\/\/www.associationdemarie.org\/blog\/?p=13711"},"modified":"2016-10-10T05:15:28","modified_gmt":"2016-10-10T04:15:28","slug":"la-graine-de-moutarde-2","status":"publish","type":"post","link":"https:\/\/www.associationdemarie.org\/blog\/la-graine-de-moutarde-2\/","title":{"rendered":"La graine de moutarde"},"content":{"rendered":"<p><a href=\"https:\/\/www.associationdemarie.org\/blog\/wp-content\/uploads\/2016\/10\/croix-en-erable-arbre-de-vie.jpg\"><img loading=\"lazy\" decoding=\"async\" class=\"aligncenter  wp-image-13712\" src=\"https:\/\/www.associationdemarie.org\/blog\/wp-content\/uploads\/2016\/10\/croix-en-erable-arbre-de-vie.jpg\" alt=\"croix-en-erable-arbre-de-vie\" width=\"322\" height=\"398\" srcset=\"https:\/\/www.associationdemarie.org\/blog\/wp-content\/uploads\/2016\/10\/croix-en-erable-arbre-de-vie.jpg 1055w, https:\/\/www.associationdemarie.org\/blog\/wp-content\/uploads\/2016\/10\/croix-en-erable-arbre-de-vie-242x300.jpg 242w, https:\/\/www.associationdemarie.org\/blog\/wp-content\/uploads\/2016\/10\/croix-en-erable-arbre-de-vie-827x1024.jpg 827w\" sizes=\"auto, (max-width: 322px) 100vw, 322px\" \/><\/a><\/p>\n<p>Voyons pourquoi le Royaume des cieux est compar\u00e9 \u00e0 une graine de moutarde ; un autre passage \u00e9voquant la graine de moutarde me revient ; elle est compar\u00e9e \u00e0 la foi quand le Seigneur dit : \u00ab Si vous avez de la foi comme une graine de moutarde, vous direz \u00e0 cette montagne : Va te jeter dans la mer \u00bb (Mt 17,20)&#8230; Si donc le Royaume des cieux est comme une graine de moutarde et la foi comme une graine de moutarde, la foi est assur\u00e9ment le Royaume des cieux et le Royaume des cieux est la foi. Avoir la foi, c&rsquo;est avoir le Royaume des cieux&#8230; C&rsquo;est pourquoi Pierre, qui avait vraiment la foi, a re\u00e7u les clefs du Royaume des cieux pour l&rsquo;ouvrir \u00e9galement aux autres (Mt 16,19).<\/p>\n<p>Appr\u00e9cions maintenant quelle est la port\u00e9e de la comparaison. Cette graine est \u00e0 coup s\u00fbr une chose commune et simple, mais si on la broie, elle r\u00e9pand sa force. De m\u00eame la foi semble simple de prime abord, mais foul\u00e9e par l&rsquo;adversit\u00e9, elle r\u00e9pand sa force&#8230; Grains de moutarde, nos martyrs F\u00e9lix, Nabor et Victor : ils avaient le parfum de la foi, mais on les ignorait. La pers\u00e9cution est venue, ils ont d\u00e9pos\u00e9 les armes, ont tendu le cou et, abattus par le glaive, ont r\u00e9pandu la beaut\u00e9 de leur martyre \u00ab jusqu&rsquo;aux confins de la terre \u00bb (Ps 18,5)&#8230;<\/p>\n<p>Mais le Seigneur lui-m\u00eame est une graine de moutarde : tant qu&rsquo;il n&rsquo;avait pas subi d&rsquo;atteinte, le peuple ne le connaissait pas ; il a choisi d&rsquo;\u00eatre broy\u00e9&#8230;; il a choisi d&rsquo;\u00eatre press\u00e9, si bien que Pierre a dit : \u00ab Les foules te pressent \u00bb (Lc 8,45) ; il a choisi d&rsquo;\u00eatre sem\u00e9, comme le grain \u00ab que quelqu&rsquo;un prend pour le jeter dans son jardin \u00bb. Car c&rsquo;est dans un jardin que le Christ a \u00e9t\u00e9 arr\u00eat\u00e9 et enseveli ; il a grandi dans ce jardin, il y est m\u00eame ressuscit\u00e9&#8230; Donc vous aussi, semez le Christ dans votre jardin&#8230; Semez le Seigneur J\u00e9sus : il est grain quand on l&rsquo;arr\u00eate, arbre quand il ressuscite, arbre ombrageant le monde ; il est grain quand on l&rsquo;ensevelit en terre, arbre quand il s&rsquo;\u00e9l\u00e8ve au ciel.<\/p>\n<p>Saint Ambroise (v. 340-397), \u00e9v\u00eaque de Milan et docteur de l&rsquo;\u00c9glise<br \/>\nCommentaire sur l&rsquo;\u00e9vangile de Luc, VII, 176-180 ; SC 52 (trad. cf SC p. 74)<\/p>\n<p>&nbsp;<\/p>\n<p>&nbsp;<\/p>\n<p>&nbsp;<\/p>\n","protected":false},"excerpt":{"rendered":"<p>Voyons pourquoi le Royaume des cieux est compar\u00e9 \u00e0 une graine de moutarde ; un autre passage \u00e9voquant la graine de moutarde me revient ; elle est compar\u00e9e \u00e0 la foi quand le Seigneur dit : \u00ab Si vous avez de la foi comme une graine de moutarde, vous direz \u00e0 cette montagne : Va [&hellip;]<\/p>\n","protected":false},"author":2,"featured_media":0,"comment_status":"closed","ping_status":"closed","sticky":false,"template":"","format":"standard","meta":{"footnotes":""},"categories":[3,13,1261,16,28],"tags":[89,274,460,536,647,1007],"class_list":["post-13711","post","type-post","status-publish","format-standard","hentry","category-liturgique","category-ecritures","category-enseignement-2","category-jardins-de-la-bible","category-saints-et-saintes","tag-arbre-de-vie","tag-croix","tag-graine","tag-jesus-christ","tag-martyr","tag-st-ambroise"],"_links":{"self":[{"href":"https:\/\/www.associationdemarie.org\/blog\/wp-json\/wp\/v2\/posts\/13711","targetHints":{"allow":["GET"]}}],"collection":[{"href":"https:\/\/www.associationdemarie.org\/blog\/wp-json\/wp\/v2\/posts"}],"about":[{"href":"https:\/\/www.associationdemarie.org\/blog\/wp-json\/wp\/v2\/types\/post"}],"author":[{"embeddable":true,"href":"https:\/\/www.associationdemarie.org\/blog\/wp-json\/wp\/v2\/users\/2"}],"replies":[{"embeddable":true,"href":"https:\/\/www.associationdemarie.org\/blog\/wp-json\/wp\/v2\/comments?post=13711"}],"version-history":[{"count":1,"href":"https:\/\/www.associationdemarie.org\/blog\/wp-json\/wp\/v2\/posts\/13711\/revisions"}],"predecessor-version":[{"id":13713,"href":"https:\/\/www.associationdemarie.org\/blog\/wp-json\/wp\/v2\/posts\/13711\/revisions\/13713"}],"wp:attachment":[{"href":"https:\/\/www.associationdemarie.org\/blog\/wp-json\/wp\/v2\/media?parent=13711"}],"wp:term":[{"taxonomy":"category","embeddable":true,"href":"https:\/\/www.associationdemarie.org\/blog\/wp-json\/wp\/v2\/categories?post=13711"},{"taxonomy":"post_tag","embeddable":true,"href":"https:\/\/www.associationdemarie.org\/blog\/wp-json\/wp\/v2\/tags?post=13711"}],"curies":[{"name":"wp","href":"https:\/\/api.w.org\/{rel}","templated":true}]}}