{"id":13657,"date":"2016-10-13T02:02:13","date_gmt":"2016-10-13T01:02:13","guid":{"rendered":"http:\/\/www.associationdemarie.org\/blog\/?p=13657"},"modified":"2016-09-27T20:03:35","modified_gmt":"2016-09-27T19:03:35","slug":"lettre-de-saint-paul-apotre-aux-ephesiens-11-10","status":"publish","type":"post","link":"https:\/\/www.associationdemarie.org\/blog\/lettre-de-saint-paul-apotre-aux-ephesiens-11-10\/","title":{"rendered":"Lettre de saint Paul Ap\u00f4tre aux \u00c9ph\u00e9siens 1,1-10."},"content":{"rendered":"<p><a href=\"https:\/\/www.associationdemarie.org\/blog\/wp-content\/uploads\/2016\/09\/jesus.jpg\"><img loading=\"lazy\" decoding=\"async\" class=\"aligncenter  wp-image-13658\" src=\"https:\/\/www.associationdemarie.org\/blog\/wp-content\/uploads\/2016\/09\/jesus.jpg\" alt=\"jesus\" width=\"450\" height=\"291\" srcset=\"https:\/\/www.associationdemarie.org\/blog\/wp-content\/uploads\/2016\/09\/jesus.jpg 1084w, https:\/\/www.associationdemarie.org\/blog\/wp-content\/uploads\/2016\/09\/jesus-300x194.jpg 300w, https:\/\/www.associationdemarie.org\/blog\/wp-content\/uploads\/2016\/09\/jesus-1024x661.jpg 1024w\" sizes=\"auto, (max-width: 450px) 100vw, 450px\" \/><\/a><\/p>\n<p>Paul, Ap\u00f4tre du Christ J\u00e9sus par la volont\u00e9 de Dieu, \u00e0 ceux qui sont sanctifi\u00e9s et habitent \u00c9ph\u00e8se, eux qui croient au Christ J\u00e9sus.<br \/>\n\u00c0 vous, la gr\u00e2ce et la paix de la part de Dieu notre P\u00e8re et du Seigneur J\u00e9sus Christ.<br \/>\nB\u00e9ni soit Dieu, le P\u00e8re de notre Seigneur J\u00e9sus Christ ! Il nous a b\u00e9nis et combl\u00e9s des b\u00e9n\u00e9dictions de l\u2019Esprit, au ciel, dans le Christ.<br \/>\nIl nous a choisis, dans le Christ, avant la fondation du monde, pour que nous soyons saints, immacul\u00e9s devant lui, dans l\u2019amour.<br \/>\nIl nous a pr\u00e9destin\u00e9s \u00e0 \u00eatre, pour lui, des fils adoptifs par J\u00e9sus, le Christ. Ainsi l\u2019a voulu sa bont\u00e9,<br \/>\n\u00e0 la louange de gloire de sa gr\u00e2ce, la gr\u00e2ce qu\u2019il nous donne dans le Fils bien-aim\u00e9.<br \/>\nEn lui, par son sang, nous avons la r\u00e9demption, le pardon de nos fautes. C\u2019est la richesse de la gr\u00e2ce<br \/>\nque Dieu a fait d\u00e9border jusqu\u2019\u00e0 nous en toute sagesse et intelligence.<br \/>\nIl nous d\u00e9voile ainsi le myst\u00e8re de sa volont\u00e9, selon que sa bont\u00e9 l\u2019avait pr\u00e9vu dans le Christ :<br \/>\npour mener les temps \u00e0 leur pl\u00e9nitude, r\u00e9capituler toutes choses dans le Christ, celles du ciel et celles de la terre.<\/p>\n<p>&nbsp;<\/p>\n<p>&nbsp;<\/p>\n<p>&nbsp;<\/p>\n","protected":false},"excerpt":{"rendered":"<p>Paul, Ap\u00f4tre du Christ J\u00e9sus par la volont\u00e9 de Dieu, \u00e0 ceux qui sont sanctifi\u00e9s et habitent \u00c9ph\u00e8se, eux qui croient au Christ J\u00e9sus. \u00c0 vous, la gr\u00e2ce et la paix de la part de Dieu notre P\u00e8re et du Seigneur J\u00e9sus Christ. B\u00e9ni soit Dieu, le P\u00e8re de notre Seigneur J\u00e9sus Christ ! Il [&hellip;]<\/p>\n","protected":false},"author":2,"featured_media":0,"comment_status":"closed","ping_status":"closed","sticky":false,"template":"","format":"standard","meta":{"footnotes":""},"categories":[3,13,28],"tags":[1068,1110],"class_list":["post-13657","post","type-post","status-publish","format-standard","hentry","category-liturgique","category-ecritures","category-saints-et-saintes","tag-st-paul","tag-ste-trinite"],"_links":{"self":[{"href":"https:\/\/www.associationdemarie.org\/blog\/wp-json\/wp\/v2\/posts\/13657","targetHints":{"allow":["GET"]}}],"collection":[{"href":"https:\/\/www.associationdemarie.org\/blog\/wp-json\/wp\/v2\/posts"}],"about":[{"href":"https:\/\/www.associationdemarie.org\/blog\/wp-json\/wp\/v2\/types\/post"}],"author":[{"embeddable":true,"href":"https:\/\/www.associationdemarie.org\/blog\/wp-json\/wp\/v2\/users\/2"}],"replies":[{"embeddable":true,"href":"https:\/\/www.associationdemarie.org\/blog\/wp-json\/wp\/v2\/comments?post=13657"}],"version-history":[{"count":2,"href":"https:\/\/www.associationdemarie.org\/blog\/wp-json\/wp\/v2\/posts\/13657\/revisions"}],"predecessor-version":[{"id":13660,"href":"https:\/\/www.associationdemarie.org\/blog\/wp-json\/wp\/v2\/posts\/13657\/revisions\/13660"}],"wp:attachment":[{"href":"https:\/\/www.associationdemarie.org\/blog\/wp-json\/wp\/v2\/media?parent=13657"}],"wp:term":[{"taxonomy":"category","embeddable":true,"href":"https:\/\/www.associationdemarie.org\/blog\/wp-json\/wp\/v2\/categories?post=13657"},{"taxonomy":"post_tag","embeddable":true,"href":"https:\/\/www.associationdemarie.org\/blog\/wp-json\/wp\/v2\/tags?post=13657"}],"curies":[{"name":"wp","href":"https:\/\/api.w.org\/{rel}","templated":true}]}}