{"id":13640,"date":"2016-10-09T01:56:56","date_gmt":"2016-10-09T00:56:56","guid":{"rendered":"http:\/\/www.associationdemarie.org\/blog\/?p=13640"},"modified":"2016-09-24T06:58:38","modified_gmt":"2016-09-24T05:58:38","slug":"la-foi-qui-purifie","status":"publish","type":"post","link":"https:\/\/www.associationdemarie.org\/blog\/la-foi-qui-purifie\/","title":{"rendered":"La foi qui purifie"},"content":{"rendered":"<p><a href=\"https:\/\/www.associationdemarie.org\/blog\/wp-content\/uploads\/2016\/09\/ciel.jpg\"><img loading=\"lazy\" decoding=\"async\" class=\"aligncenter  wp-image-13641\" src=\"https:\/\/www.associationdemarie.org\/blog\/wp-content\/uploads\/2016\/09\/ciel.jpg\" alt=\"ciel\" width=\"446\" height=\"506\" srcset=\"https:\/\/www.associationdemarie.org\/blog\/wp-content\/uploads\/2016\/09\/ciel.jpg 303w, https:\/\/www.associationdemarie.org\/blog\/wp-content\/uploads\/2016\/09\/ciel-264x300.jpg 264w\" sizes=\"auto, (max-width: 446px) 100vw, 446px\" \/><\/a><\/p>\n<p>Que repr\u00e9sentent les dix l\u00e9preux sinon l&rsquo;ensemble des p\u00e9cheurs ?&#8230; Lorsque le Christ notre Seigneur est venu, tous les hommes souffraient de la l\u00e8pre de l&rsquo;\u00e2me, m\u00eame s&rsquo;ils n&rsquo;\u00e9taient pas tous atteints de celle du corps&#8230; Or la l\u00e8pre de l&rsquo;\u00e2me est bien pire que celle du corps.<\/p>\n<p>Mais voyons la suite. \u00ab Ils s&rsquo;arr\u00eat\u00e8rent \u00e0 distance et lui cri\u00e8rent : &lsquo;J\u00e9sus, Ma\u00eetre, prends piti\u00e9 de nous&rsquo; \u00bb. Ces hommes se tenaient \u00e0 distance car ils n&rsquo;osaient pas, \u00e9tant donn\u00e9 leur \u00e9tat, s&rsquo;avancer plus pr\u00e8s de lui. Il en va de m\u00eame pour nous : tant que nous demeurons dans nos p\u00e9ch\u00e9s, nous nous tenons \u00e0 l&rsquo;\u00e9cart. Donc, pour retrouver la sant\u00e9 et gu\u00e9rir de la l\u00e8pre de nos p\u00e9ch\u00e9s, supplions d&rsquo;une voix forte et disons : \u00ab J\u00e9sus, Ma\u00eetre, prends piti\u00e9 de nous \u00bb. Cette supplication ne doit toutefois pas venir de notre bouche, mais de notre c\u0153ur, car le c\u0153ur parle d&rsquo;une voix plus forte. La pri\u00e8re du c\u0153ur p\u00e9n\u00e8tre dans les cieux et s&rsquo;\u00e9l\u00e8ve tr\u00e8s haut, jusqu&rsquo;au tr\u00f4ne de Dieu.<\/p>\n<p>Saint Bruno de Segni (v. 1045-1123), \u00e9v\u00eaque<br \/>\nCommentaire sur l&rsquo;\u00e9vangile de Luc, 2, 40 ; PL 165, 426-428 (trad. Delhougne, Les P\u00e8res commentent, p. 449)<\/p>\n<p>&nbsp;<\/p>\n<p>&nbsp;<\/p>\n<p>&nbsp;<\/p>\n<p>&nbsp;<\/p>\n","protected":false},"excerpt":{"rendered":"<p>Que repr\u00e9sentent les dix l\u00e9preux sinon l&rsquo;ensemble des p\u00e9cheurs ?&#8230; Lorsque le Christ notre Seigneur est venu, tous les hommes souffraient de la l\u00e8pre de l&rsquo;\u00e2me, m\u00eame s&rsquo;ils n&rsquo;\u00e9taient pas tous atteints de celle du corps&#8230; Or la l\u00e8pre de l&rsquo;\u00e2me est bien pire que celle du corps. Mais voyons la suite. \u00ab Ils s&rsquo;arr\u00eat\u00e8rent [&hellip;]<\/p>\n","protected":false},"author":2,"featured_media":0,"comment_status":"closed","ping_status":"closed","sticky":false,"template":"","format":"standard","meta":{"footnotes":""},"categories":[3,13,1261,28],"tags":[425,678,868],"class_list":["post-13640","post","type-post","status-publish","format-standard","hentry","category-liturgique","category-ecritures","category-enseignement-2","category-saints-et-saintes","tag-foi","tag-misericorde","tag-reconciliation"],"_links":{"self":[{"href":"https:\/\/www.associationdemarie.org\/blog\/wp-json\/wp\/v2\/posts\/13640","targetHints":{"allow":["GET"]}}],"collection":[{"href":"https:\/\/www.associationdemarie.org\/blog\/wp-json\/wp\/v2\/posts"}],"about":[{"href":"https:\/\/www.associationdemarie.org\/blog\/wp-json\/wp\/v2\/types\/post"}],"author":[{"embeddable":true,"href":"https:\/\/www.associationdemarie.org\/blog\/wp-json\/wp\/v2\/users\/2"}],"replies":[{"embeddable":true,"href":"https:\/\/www.associationdemarie.org\/blog\/wp-json\/wp\/v2\/comments?post=13640"}],"version-history":[{"count":3,"href":"https:\/\/www.associationdemarie.org\/blog\/wp-json\/wp\/v2\/posts\/13640\/revisions"}],"predecessor-version":[{"id":13644,"href":"https:\/\/www.associationdemarie.org\/blog\/wp-json\/wp\/v2\/posts\/13640\/revisions\/13644"}],"wp:attachment":[{"href":"https:\/\/www.associationdemarie.org\/blog\/wp-json\/wp\/v2\/media?parent=13640"}],"wp:term":[{"taxonomy":"category","embeddable":true,"href":"https:\/\/www.associationdemarie.org\/blog\/wp-json\/wp\/v2\/categories?post=13640"},{"taxonomy":"post_tag","embeddable":true,"href":"https:\/\/www.associationdemarie.org\/blog\/wp-json\/wp\/v2\/tags?post=13640"}],"curies":[{"name":"wp","href":"https:\/\/api.w.org\/{rel}","templated":true}]}}