{"id":13636,"date":"2016-10-08T01:58:40","date_gmt":"2016-10-08T00:58:40","guid":{"rendered":"http:\/\/www.associationdemarie.org\/blog\/?p=13636"},"modified":"2016-09-22T18:01:01","modified_gmt":"2016-09-22T17:01:01","slug":"heureuse-celle-qui-a-cru-a-laccomplissement-des-paroles-qui-lui-furent-dites-de-la-part-du-seigneur-lc-145","status":"publish","type":"post","link":"https:\/\/www.associationdemarie.org\/blog\/heureuse-celle-qui-a-cru-a-laccomplissement-des-paroles-qui-lui-furent-dites-de-la-part-du-seigneur-lc-145\/","title":{"rendered":"\u00ab Heureuse celle qui a cru \u00e0 l&rsquo;accomplissement des paroles qui lui furent dites de la part du Seigneur. \u00bb (Lc 1,45)"},"content":{"rendered":"<p><a href=\"https:\/\/www.associationdemarie.org\/blog\/wp-content\/uploads\/2016\/09\/chute.jpg\"><img loading=\"lazy\" decoding=\"async\" class=\"aligncenter  wp-image-13637\" src=\"https:\/\/www.associationdemarie.org\/blog\/wp-content\/uploads\/2016\/09\/chute.jpg\" alt=\"chute\" width=\"379\" height=\"555\" srcset=\"https:\/\/www.associationdemarie.org\/blog\/wp-content\/uploads\/2016\/09\/chute.jpg 454w, https:\/\/www.associationdemarie.org\/blog\/wp-content\/uploads\/2016\/09\/chute-205x300.jpg 205w\" sizes=\"auto, (max-width: 379px) 100vw, 379px\" \/><\/a><\/p>\n<p>Les hommes de l&rsquo;ancienne alliance \u00e9taient sous le r\u00e9gime des symboles. Pour nous, par la gr\u00e2ce du Christ pr\u00e9sent dans la chair, la v\u00e9rit\u00e9 elle-m\u00eame s&rsquo;est mise \u00e0 resplendir. Et pourtant, par rapport au monde \u00e0 venir, nous vivons encore d&rsquo;une certaine mani\u00e8re dans l&rsquo;ombre de la v\u00e9rit\u00e9. L&rsquo;ap\u00f4tre Paul \u00e9crit : \u00ab Partielle est notre connaissance, partielle notre proph\u00e9tie \u00bb (1Co 13,9) et \u00ab Non, je n&rsquo;estime pas avoir d\u00e9j\u00e0 saisi \u00bb (Ph 3,13). En effet, comment ne pas faire de diff\u00e9rence entre celui qui marche par la foi et celui qui se trouve dans la claire vision ? Ainsi \u00ab le juste vit de la foi \u00bb (Ha 2,4 ;Rm 1,17) \u2014 c&rsquo;est le bienheureux qui exulte dans la vision de la v\u00e9rit\u00e9 ; maintenant l&rsquo;homme saint vit encore \u00e0 l&rsquo;ombre du Christ&#8230; Et elle est bonne, cette ombre de la foi ; elle filtre la lumi\u00e8re aveuglante pour notre regard encore ent\u00e9n\u00e9br\u00e9 et pr\u00e9pare notre \u0153il \u00e0 supporter la lumi\u00e8re. Il est \u00e9crit en effet : \u00ab Dieu a purifi\u00e9 leurs c\u0153urs par la foi \u00bb (Ac 15,9). La foi donc n&rsquo;a pas pour effet d&rsquo;\u00e9teindre la lumi\u00e8re, mais de la conserver. Tout ce que les anges contemplent \u00e0 d\u00e9couvert, l&rsquo;ombre de la foi le garde pour moi ; elle le fait reposer dans son sein pour le r\u00e9v\u00e9ler au moment voulu. N&rsquo;est-ce pas une bonne chose qu&rsquo;elle tienne envelopp\u00e9 ce que tu ne peux pas encore saisir sans voile ?<\/p>\n<p>D&rsquo;ailleurs la m\u00e8re du Seigneur vivait elle aussi dans l&rsquo;ombre de la foi, puisqu&rsquo;on lui a dit : \u00ab Heureuse es-tu, toi qui as cru \u00bb (Lc 1,45). Et du corps du Christ elle a aussi re\u00e7u une ombre, selon le message de l&rsquo;ange : \u00ab La puissance du Tr\u00e8s-Haut te prendra sous son ombre \u00bb (Lc 1,35). Cette ombre n&rsquo;a donc rien de m\u00e9prisable puisque c&rsquo;est la puissance du Tr\u00e8s-Haut qui la projette. Oui vraiment, il y avait dans la chair du Christ une force qui couvrait la Vierge de son ombre, afin que l&rsquo;\u00e9cran de ce corps vivifiant lui permette de supporter la pr\u00e9sence divine, de soutenir l&rsquo;\u00e9clat de la lumi\u00e8re inaccessible, chose impossible \u00e0 une femme mortelle. Cette puissance a dompt\u00e9 toute force adverse ; la force de cette ombre chasse les d\u00e9mons et prot\u00e8ge les hommes. Puissance vraiment vivifiante et ombre vraiment rafra\u00eechissante ! Et nous, c&rsquo;est bien dans l&rsquo;ombre du Christ que nous vivons, puisque nous marchons par la foi et que nous recevons la vie en \u00e9tant nourris de sa chair.<\/p>\n<p>Saint Bernard (1091-1153), moine cistercien et docteur de l&rsquo;\u00c9glise<br \/>\nSermon 31 sur le Cantique des Cantiques (trad. Emery rev.)<\/p>\n<p>&nbsp;<\/p>\n<p>&nbsp;<\/p>\n<p>&nbsp;<\/p>\n","protected":false},"excerpt":{"rendered":"<p>Les hommes de l&rsquo;ancienne alliance \u00e9taient sous le r\u00e9gime des symboles. Pour nous, par la gr\u00e2ce du Christ pr\u00e9sent dans la chair, la v\u00e9rit\u00e9 elle-m\u00eame s&rsquo;est mise \u00e0 resplendir. Et pourtant, par rapport au monde \u00e0 venir, nous vivons encore d&rsquo;une certaine mani\u00e8re dans l&rsquo;ombre de la v\u00e9rit\u00e9. L&rsquo;ap\u00f4tre Paul \u00e9crit : \u00ab Partielle est [&hellip;]<\/p>\n","protected":false},"author":2,"featured_media":0,"comment_status":"closed","ping_status":"closed","sticky":false,"template":"","format":"standard","meta":{"footnotes":""},"categories":[3,13,1261,28],"tags":[1017,1189],"class_list":["post-13636","post","type-post","status-publish","format-standard","hentry","category-liturgique","category-ecritures","category-enseignement-2","category-saints-et-saintes","tag-st-bernard","tag-vierge-marie"],"_links":{"self":[{"href":"https:\/\/www.associationdemarie.org\/blog\/wp-json\/wp\/v2\/posts\/13636","targetHints":{"allow":["GET"]}}],"collection":[{"href":"https:\/\/www.associationdemarie.org\/blog\/wp-json\/wp\/v2\/posts"}],"about":[{"href":"https:\/\/www.associationdemarie.org\/blog\/wp-json\/wp\/v2\/types\/post"}],"author":[{"embeddable":true,"href":"https:\/\/www.associationdemarie.org\/blog\/wp-json\/wp\/v2\/users\/2"}],"replies":[{"embeddable":true,"href":"https:\/\/www.associationdemarie.org\/blog\/wp-json\/wp\/v2\/comments?post=13636"}],"version-history":[{"count":2,"href":"https:\/\/www.associationdemarie.org\/blog\/wp-json\/wp\/v2\/posts\/13636\/revisions"}],"predecessor-version":[{"id":13639,"href":"https:\/\/www.associationdemarie.org\/blog\/wp-json\/wp\/v2\/posts\/13636\/revisions\/13639"}],"wp:attachment":[{"href":"https:\/\/www.associationdemarie.org\/blog\/wp-json\/wp\/v2\/media?parent=13636"}],"wp:term":[{"taxonomy":"category","embeddable":true,"href":"https:\/\/www.associationdemarie.org\/blog\/wp-json\/wp\/v2\/categories?post=13636"},{"taxonomy":"post_tag","embeddable":true,"href":"https:\/\/www.associationdemarie.org\/blog\/wp-json\/wp\/v2\/tags?post=13636"}],"curies":[{"name":"wp","href":"https:\/\/api.w.org\/{rel}","templated":true}]}}