{"id":13592,"date":"2016-09-29T01:32:09","date_gmt":"2016-09-29T00:32:09","guid":{"rendered":"http:\/\/www.associationdemarie.org\/blog\/?p=13592"},"modified":"2016-09-13T17:38:50","modified_gmt":"2016-09-13T16:38:50","slug":"fete-des-saints-michel-gabriel-et-raphael-archanges","status":"publish","type":"post","link":"https:\/\/www.associationdemarie.org\/blog\/fete-des-saints-michel-gabriel-et-raphael-archanges\/","title":{"rendered":"F\u00eate des saints Michel, Gabriel et Rapha\u00ebl, archanges"},"content":{"rendered":"<p><a href=\"https:\/\/www.associationdemarie.org\/blog\/wp-content\/uploads\/2010\/09\/3arcangelitobia.jpg\"><img loading=\"lazy\" decoding=\"async\" class=\"aligncenter  wp-image-1525\" src=\"https:\/\/www.associationdemarie.org\/blog\/wp-content\/uploads\/2010\/09\/3arcangelitobia.jpg\" alt=\"3arcangelitobia\" width=\"494\" height=\"441\" srcset=\"https:\/\/www.associationdemarie.org\/blog\/wp-content\/uploads\/2010\/09\/3arcangelitobia.jpg 650w, https:\/\/www.associationdemarie.org\/blog\/wp-content\/uploads\/2010\/09\/3arcangelitobia-300x267.jpg 300w\" sizes=\"auto, (max-width: 494px) 100vw, 494px\" \/><\/a><\/p>\n<p>Je te rends gr\u00e2ces, parce que tu m&rsquo;as donn\u00e9 de vivre,<br \/>\nde te conna\u00eetre et de t&rsquo;adorer, mon Dieu.<br \/>\nCar \u00ab la vie, c&rsquo;est de te conna\u00eetre, toi le seul Dieu \u00bb (Jn 17,3),<br \/>\ncr\u00e9ateur et auteur de tout,<br \/>\nnon engendr\u00e9, non cr\u00e9\u00e9, sans principe, unique,<br \/>\net ton Fils, engendr\u00e9 de toi,<br \/>\net l&rsquo;Esprit tr\u00e8s saint, proc\u00e9dant de toi,<br \/>\nla trine unit\u00e9 digne de toute louange&#8230;<\/p>\n<p>Qu&rsquo;y a-t-il chez les anges, chez les archanges,<br \/>\nles souverainet\u00e9s, les ch\u00e9rubins et les s\u00e9raphins<br \/>\net toutes les autres arm\u00e9es c\u00e9lestes,<br \/>\ncomme gloire ou comme lumi\u00e8re d&rsquo;immortalit\u00e9,<br \/>\nquelle joie, quelle splendeur de vie immat\u00e9rielle,<br \/>\nsinon l&rsquo;unique lumi\u00e8re de la Sainte Trinit\u00e9 ? &#8230;<br \/>\nCite-moi un \u00eatre incorporel ou corporel,<br \/>\ntu trouveras que c&rsquo;est Dieu qui a tout fait.<br \/>\nSi on te parle d&rsquo;un \u00eatre quelconque, ceux du ciel,<br \/>\nceux de la terre ou ceux des ab\u00eemes,<br \/>\npour eux aussi, pour tous, il n&rsquo;y a qu&rsquo;une vie, une gloire,<br \/>\nun d\u00e9sir et un royaume,<br \/>\nune unique richesse, joie, couronne, victoire, paix<br \/>\nou tout autre \u00e9clat que ce soit :<br \/>\nla connaissance du Principe et de la Cause<br \/>\nd&rsquo;o\u00f9 tout est venu, d&rsquo;o\u00f9 tout a pris naissance.<br \/>\nL\u00e0 est celui qui maintient les choses d&rsquo;en haut et les choses d&rsquo;en bas,<br \/>\nL\u00e0 est celui qui met en ordre tous les \u00eatres spirituels,<br \/>\nL\u00e0 est celui qui r\u00e8gne sur tous les \u00eatres visibles&#8230;<\/p>\n<p><img loading=\"lazy\" decoding=\"async\" class=\"alignright  wp-image-13593\" src=\"https:\/\/www.associationdemarie.org\/blog\/wp-content\/uploads\/2016\/09\/monument_eglise_statue_gabriel.jpg\" alt=\"monument_eglise_statue_gabriel\" width=\"191\" height=\"353\" srcset=\"https:\/\/www.associationdemarie.org\/blog\/wp-content\/uploads\/2016\/09\/monument_eglise_statue_gabriel.jpg 347w, https:\/\/www.associationdemarie.org\/blog\/wp-content\/uploads\/2016\/09\/monument_eglise_statue_gabriel-163x300.jpg 163w\" sizes=\"auto, (max-width: 191px) 100vw, 191px\" \/>Ils ont grandi en connaissance et redoubl\u00e9 de crainte<br \/>\nen voyant Satan tomber<br \/>\net ses compagnons emport\u00e9s par la pr\u00e9somption.<br \/>\nCeux qui sont tomb\u00e9s ont oubli\u00e9 tout cela,<br \/>\nesclaves de leur orgueil ;<br \/>\ntandis que tous ceux qui en ont conserv\u00e9 la connaissance,<br \/>\nsoulev\u00e9s par la crainte et l&rsquo;amour,<br \/>\nse sont attach\u00e9s \u00e0 leur Seigneur.<br \/>\nAinsi la reconnaissance de sa seigneurie<br \/>\nproduisait aussi l&rsquo;accroissement de leur amour<br \/>\nparce qu&rsquo;ils voyaient mieux et plus clairement<br \/>\nl&rsquo;\u00e9clat fulgurant de la Trinit\u00e9.<\/p>\n<p>Sym\u00e9on le Nouveau Th\u00e9ologien (v. 949-1022), moine grec<br \/>\nHymne 2 (trad. SC 156, p. 183 rev.)<\/p>\n<p>&nbsp;<\/p>\n<p>&nbsp;<\/p>\n<p>&nbsp;<\/p>\n","protected":false},"excerpt":{"rendered":"<p>Je te rends gr\u00e2ces, parce que tu m&rsquo;as donn\u00e9 de vivre, de te conna\u00eetre et de t&rsquo;adorer, mon Dieu. Car \u00ab la vie, c&rsquo;est de te conna\u00eetre, toi le seul Dieu \u00bb (Jn 17,3), cr\u00e9ateur et auteur de tout, non engendr\u00e9, non cr\u00e9\u00e9, sans principe, unique, et ton Fils, engendr\u00e9 de toi, et l&rsquo;Esprit tr\u00e8s [&hellip;]<\/p>\n","protected":false},"author":2,"featured_media":0,"comment_status":"closed","ping_status":"closed","sticky":false,"template":"","format":"standard","meta":{"footnotes":""},"categories":[3,26,28],"tags":[93,94,95,830,1119],"class_list":["post-13592","post","type-post","status-publish","format-standard","hentry","category-liturgique","category-priere-des-ames","category-saints-et-saintes","tag-archange-gabriel","tag-archange-raphael","tag-archange-st-michel","tag-priere","tag-symeon"],"_links":{"self":[{"href":"https:\/\/www.associationdemarie.org\/blog\/wp-json\/wp\/v2\/posts\/13592","targetHints":{"allow":["GET"]}}],"collection":[{"href":"https:\/\/www.associationdemarie.org\/blog\/wp-json\/wp\/v2\/posts"}],"about":[{"href":"https:\/\/www.associationdemarie.org\/blog\/wp-json\/wp\/v2\/types\/post"}],"author":[{"embeddable":true,"href":"https:\/\/www.associationdemarie.org\/blog\/wp-json\/wp\/v2\/users\/2"}],"replies":[{"embeddable":true,"href":"https:\/\/www.associationdemarie.org\/blog\/wp-json\/wp\/v2\/comments?post=13592"}],"version-history":[{"count":3,"href":"https:\/\/www.associationdemarie.org\/blog\/wp-json\/wp\/v2\/posts\/13592\/revisions"}],"predecessor-version":[{"id":13596,"href":"https:\/\/www.associationdemarie.org\/blog\/wp-json\/wp\/v2\/posts\/13592\/revisions\/13596"}],"wp:attachment":[{"href":"https:\/\/www.associationdemarie.org\/blog\/wp-json\/wp\/v2\/media?parent=13592"}],"wp:term":[{"taxonomy":"category","embeddable":true,"href":"https:\/\/www.associationdemarie.org\/blog\/wp-json\/wp\/v2\/categories?post=13592"},{"taxonomy":"post_tag","embeddable":true,"href":"https:\/\/www.associationdemarie.org\/blog\/wp-json\/wp\/v2\/tags?post=13592"}],"curies":[{"name":"wp","href":"https:\/\/api.w.org\/{rel}","templated":true}]}}