{"id":13546,"date":"2016-09-18T01:04:08","date_gmt":"2016-09-18T00:04:08","guid":{"rendered":"http:\/\/www.associationdemarie.org\/blog\/?p=13546"},"modified":"2016-08-31T13:05:33","modified_gmt":"2016-08-31T12:05:33","slug":"faites-vous-des-amis-avec-largent-trompeur-afin-dentrer-dans-les-demeures-eternelles-secourir-les-pauvres","status":"publish","type":"post","link":"https:\/\/www.associationdemarie.org\/blog\/faites-vous-des-amis-avec-largent-trompeur-afin-dentrer-dans-les-demeures-eternelles-secourir-les-pauvres\/","title":{"rendered":"\u00ab Fa\u00eetes-vous des amis avec l&rsquo;argent trompeur, afin d&rsquo;entrer dans les demeures \u00e9ternelles \u00bb : secourir les pauvres"},"content":{"rendered":"<p><a href=\"https:\/\/www.associationdemarie.org\/blog\/wp-content\/uploads\/2016\/08\/ob_c97d87_11265192-10206540385526509-10161248005.jpg\"><img loading=\"lazy\" decoding=\"async\" class=\"aligncenter wp-image-13547\" src=\"https:\/\/www.associationdemarie.org\/blog\/wp-content\/uploads\/2016\/08\/ob_c97d87_11265192-10206540385526509-10161248005.jpg\" alt=\"ob_c97d87_11265192-10206540385526509-10161248005\" width=\"488\" height=\"383\" srcset=\"https:\/\/www.associationdemarie.org\/blog\/wp-content\/uploads\/2016\/08\/ob_c97d87_11265192-10206540385526509-10161248005.jpg 700w, https:\/\/www.associationdemarie.org\/blog\/wp-content\/uploads\/2016\/08\/ob_c97d87_11265192-10206540385526509-10161248005-300x235.jpg 300w\" sizes=\"auto, (max-width: 488px) 100vw, 488px\" \/><\/a><\/p>\n<p>Mes amis et mes fr\u00e8res, ne soyons pas de mauvais g\u00e9rants des biens qui nous sont confi\u00e9s afin de ne pas nous entendre dire : \u00ab Rougissez, vous qui retenez le bien d&rsquo;autrui ; imitez la justice de Dieu et il n&rsquo;y aura plus de pauvres \u00bb. Ne nous \u00e9puisons pas \u00e0 amasser et \u00e0 tenir en r\u00e9serve quand d&rsquo;autres sont \u00e9puis\u00e9s par la faim ; ainsi nous ne m\u00e9riterons pas ce reproche amer et cette menace du proph\u00e8te Amos : \u00ab Prenez garde, vous qui dites : &lsquo;Quand le mois sera-t-il pass\u00e9 pour que nous puissions vendre notre bl\u00e9, et le sabbat pour que nous \u00e9coulions notre froment ?&rsquo; \u00bb (8,5)&#8230;<\/p>\n<p>Imitons la loi sublime et premi\u00e8re de Dieu \u00ab qui fait tomber la pluie pour les justes et pour les p\u00e9cheurs et fait lever le soleil pour tous \u00e9galement \u00bb (Mt 5,45). Tous ceux qui vivent sur terre, il les comble d&rsquo;\u00e9tendues immenses de terre en friche, de sources, de fleuves et de for\u00eats. Pour les oiseaux, il donne les airs, et l&rsquo;eau pour tous les animaux aquatiques. Pour la vie de tous, il donne en abondance les ressources premi\u00e8res qui ne peuvent \u00eatre ni accapar\u00e9es par les forts, ni mesur\u00e9es par des lois, ni d\u00e9limit\u00e9es par des fronti\u00e8res ; mais il les donne pour tous de sorte que rien ne manque \u00e0 personne. Ainsi, par le partage \u00e9gal de ses dons, il honore l&rsquo;\u00e9galit\u00e9 naturelle de tous ; ainsi montre-t-il toute la g\u00e9n\u00e9rosit\u00e9 de sa bont\u00e9&#8230; Toi donc, imite cette mis\u00e9ricorde divine.<\/p>\n<p>Saint Gr\u00e9goire de Nazianze (330-390), \u00e9v\u00eaque et docteur de l&rsquo;\u00c9glise<br \/>\nHom\u00e9lie 14, sur l&rsquo;amour des pauvres, 24-26 ; PG 35, 890-891 (trad. Orval rev. ; cf br\u00e9viaire 1er lun. car\u00eame)<\/p>\n<p>&nbsp;<\/p>\n<p>&nbsp;<\/p>\n<p>&nbsp;<\/p>\n","protected":false},"excerpt":{"rendered":"<p>Mes amis et mes fr\u00e8res, ne soyons pas de mauvais g\u00e9rants des biens qui nous sont confi\u00e9s afin de ne pas nous entendre dire : \u00ab Rougissez, vous qui retenez le bien d&rsquo;autrui ; imitez la justice de Dieu et il n&rsquo;y aura plus de pauvres \u00bb. Ne nous \u00e9puisons pas \u00e0 amasser et \u00e0 [&hellip;]<\/p>\n","protected":false},"author":2,"featured_media":0,"comment_status":"closed","ping_status":"closed","sticky":false,"template":"","format":"standard","meta":{"footnotes":""},"categories":[3,13,1261,28],"tags":[487,785,1035],"class_list":["post-13546","post","type-post","status-publish","format-standard","hentry","category-liturgique","category-ecritures","category-enseignement-2","category-saints-et-saintes","tag-humilite","tag-pauvrete","tag-st-gregoire"],"_links":{"self":[{"href":"https:\/\/www.associationdemarie.org\/blog\/wp-json\/wp\/v2\/posts\/13546","targetHints":{"allow":["GET"]}}],"collection":[{"href":"https:\/\/www.associationdemarie.org\/blog\/wp-json\/wp\/v2\/posts"}],"about":[{"href":"https:\/\/www.associationdemarie.org\/blog\/wp-json\/wp\/v2\/types\/post"}],"author":[{"embeddable":true,"href":"https:\/\/www.associationdemarie.org\/blog\/wp-json\/wp\/v2\/users\/2"}],"replies":[{"embeddable":true,"href":"https:\/\/www.associationdemarie.org\/blog\/wp-json\/wp\/v2\/comments?post=13546"}],"version-history":[{"count":1,"href":"https:\/\/www.associationdemarie.org\/blog\/wp-json\/wp\/v2\/posts\/13546\/revisions"}],"predecessor-version":[{"id":13548,"href":"https:\/\/www.associationdemarie.org\/blog\/wp-json\/wp\/v2\/posts\/13546\/revisions\/13548"}],"wp:attachment":[{"href":"https:\/\/www.associationdemarie.org\/blog\/wp-json\/wp\/v2\/media?parent=13546"}],"wp:term":[{"taxonomy":"category","embeddable":true,"href":"https:\/\/www.associationdemarie.org\/blog\/wp-json\/wp\/v2\/categories?post=13546"},{"taxonomy":"post_tag","embeddable":true,"href":"https:\/\/www.associationdemarie.org\/blog\/wp-json\/wp\/v2\/tags?post=13546"}],"curies":[{"name":"wp","href":"https:\/\/api.w.org\/{rel}","templated":true}]}}