{"id":13511,"date":"2016-09-08T01:52:35","date_gmt":"2016-09-08T00:52:35","guid":{"rendered":"http:\/\/www.associationdemarie.org\/blog\/?p=13511"},"modified":"2016-08-23T14:54:19","modified_gmt":"2016-08-23T13:54:19","slug":"fete-de-la-nativite-de-la-vierge-marie","status":"publish","type":"post","link":"https:\/\/www.associationdemarie.org\/blog\/fete-de-la-nativite-de-la-vierge-marie\/","title":{"rendered":"F\u00eate de la Nativit\u00e9 de la Vierge Marie"},"content":{"rendered":"<p><a href=\"https:\/\/www.associationdemarie.org\/blog\/wp-content\/uploads\/2016\/08\/219.jpg\"><img loading=\"lazy\" decoding=\"async\" class=\"aligncenter  wp-image-13512\" src=\"https:\/\/www.associationdemarie.org\/blog\/wp-content\/uploads\/2016\/08\/219.jpg\" alt=\"219\" width=\"359\" height=\"429\" srcset=\"https:\/\/www.associationdemarie.org\/blog\/wp-content\/uploads\/2016\/08\/219.jpg 300w, https:\/\/www.associationdemarie.org\/blog\/wp-content\/uploads\/2016\/08\/219-251x300.jpg 251w\" sizes=\"auto, (max-width: 359px) 100vw, 359px\" \/><\/a><\/p>\n<p>R\u00e9jouis-toi, Adam, notre p\u00e8re, et toi surtout, \u00c8ve, notre m\u00e8re. Vous avez \u00e9t\u00e9 \u00e0 la fois nos parents \u00e0 tous et nos meurtriers ; vous qui nous avez vou\u00e9s \u00e0 la mort avant m\u00eame de nous mettre au monde, consolez-vous maintenant. Une de vos filles \u2014 et quelle fille ! \u2014 vous consolera&#8230; Viens donc, \u00c8ve, cours aupr\u00e8s de Marie. Que la m\u00e8re recoure \u00e0 sa fille ; la fille r\u00e9pondra pour sa m\u00e8re et effacera sa faute&#8230; Car la race humaine sera relev\u00e9e maintenant par une femme.<\/p>\n<p>Que disait Adam autrefois ? \u00ab Cette femme que tu m&rsquo;avais donn\u00e9e m&rsquo;a pr\u00e9sent\u00e9 du fruit de l&rsquo;arbre, et j&rsquo;en ai mang\u00e9. \u00bb (Gn 3,12) C&rsquo;\u00e9taient de vilaines paroles, qui aggravaient sa faute au lieu de l&rsquo;effacer. Mais la divine Sagesse a triomph\u00e9 de tant de malice ; cette occasion de pardonner que Dieu avait vainement tent\u00e9 de faire na\u00eetre en interrogeant Adam, il la trouve maintenant dans le tr\u00e9sor de son in\u00e9puisable bont\u00e9. A la premi\u00e8re femme, il substitue une autre, une femme sage \u00e0 la place de celle qui \u00e9tait insens\u00e9e, une femme humble autant que l&rsquo;autre \u00e9tait orgueilleuse.<\/p>\n<p>Au lieu du fruit de l&rsquo;arbre de la mort, elle pr\u00e9sente aux hommes le pain de vie ; elle remplace cette nourriture am\u00e8re et empoisonn\u00e9e par la douceur d&rsquo;un aliment \u00e9ternel. Change donc, Adam, ton accusation injuste en expression de gratitude et dis : \u00ab Seigneur, cette femme que tu m&rsquo;as donn\u00e9e m&rsquo;a pr\u00e9sent\u00e9 le fruit de l&rsquo;arbre de vie. J&rsquo;en ai mang\u00e9 ; sa saveur m&rsquo;a \u00e9t\u00e9 plus d\u00e9licieuse que le miel (Ps 18,11), parce que par ce fruit tu m&rsquo;as redonn\u00e9 la vie. \u00bb Voil\u00e0 donc pourquoi l&rsquo;ange a \u00e9t\u00e9 envoy\u00e9 \u00e0 une vierge. \u00d4 Vierge admirable, digne de tous les honneurs ! Femme qu&rsquo;il faut v\u00e9n\u00e9rer infiniment entre toutes les femmes, tu r\u00e9pares la faute de nos premiers parents, tu rends la vie \u00e0 toute leur descendance.<\/p>\n<p>Saint Bernard (1091-1153), moine cistercien et docteur de l&rsquo;\u00c9glise<br \/>\nLouanges de la Vierge M\u00e8re ; hom\u00e9lie 2, \u00a73 (trad. \u0152uvres mystiques, Seuil 1953, p. 913 rev.)<\/p>\n<p>&nbsp;<\/p>\n<p>&nbsp;<\/p>\n<p>&nbsp;<\/p>\n","protected":false},"excerpt":{"rendered":"<p>R\u00e9jouis-toi, Adam, notre p\u00e8re, et toi surtout, \u00c8ve, notre m\u00e8re. Vous avez \u00e9t\u00e9 \u00e0 la fois nos parents \u00e0 tous et nos meurtriers ; vous qui nous avez vou\u00e9s \u00e0 la mort avant m\u00eame de nous mettre au monde, consolez-vous maintenant. Une de vos filles \u2014 et quelle fille ! \u2014 vous consolera&#8230; Viens donc, [&hellip;]<\/p>\n","protected":false},"author":2,"featured_media":0,"comment_status":"closed","ping_status":"closed","sticky":false,"template":"","format":"standard","meta":{"footnotes":""},"categories":[3,13,28],"tags":[40,390,708,1017],"class_list":["post-13511","post","type-post","status-publish","format-standard","hentry","category-liturgique","category-ecritures","category-saints-et-saintes","tag-adam","tag-eve","tag-nativite-de-marie","tag-st-bernard"],"_links":{"self":[{"href":"https:\/\/www.associationdemarie.org\/blog\/wp-json\/wp\/v2\/posts\/13511","targetHints":{"allow":["GET"]}}],"collection":[{"href":"https:\/\/www.associationdemarie.org\/blog\/wp-json\/wp\/v2\/posts"}],"about":[{"href":"https:\/\/www.associationdemarie.org\/blog\/wp-json\/wp\/v2\/types\/post"}],"author":[{"embeddable":true,"href":"https:\/\/www.associationdemarie.org\/blog\/wp-json\/wp\/v2\/users\/2"}],"replies":[{"embeddable":true,"href":"https:\/\/www.associationdemarie.org\/blog\/wp-json\/wp\/v2\/comments?post=13511"}],"version-history":[{"count":1,"href":"https:\/\/www.associationdemarie.org\/blog\/wp-json\/wp\/v2\/posts\/13511\/revisions"}],"predecessor-version":[{"id":13513,"href":"https:\/\/www.associationdemarie.org\/blog\/wp-json\/wp\/v2\/posts\/13511\/revisions\/13513"}],"wp:attachment":[{"href":"https:\/\/www.associationdemarie.org\/blog\/wp-json\/wp\/v2\/media?parent=13511"}],"wp:term":[{"taxonomy":"category","embeddable":true,"href":"https:\/\/www.associationdemarie.org\/blog\/wp-json\/wp\/v2\/categories?post=13511"},{"taxonomy":"post_tag","embeddable":true,"href":"https:\/\/www.associationdemarie.org\/blog\/wp-json\/wp\/v2\/tags?post=13511"}],"curies":[{"name":"wp","href":"https:\/\/api.w.org\/{rel}","templated":true}]}}