{"id":13455,"date":"2016-08-26T01:24:28","date_gmt":"2016-08-26T00:24:28","guid":{"rendered":"http:\/\/www.associationdemarie.org\/blog\/?p=13455"},"modified":"2016-08-06T08:29:49","modified_gmt":"2016-08-06T07:29:49","slug":"tout-moment-est-propice","status":"publish","type":"post","link":"https:\/\/www.associationdemarie.org\/blog\/tout-moment-est-propice\/","title":{"rendered":"Tout moment est propice"},"content":{"rendered":"<p><a href=\"https:\/\/www.associationdemarie.org\/blog\/wp-content\/uploads\/2016\/08\/champ-croix.jpg\"><img loading=\"lazy\" decoding=\"async\" class=\"aligncenter wp-image-13456\" src=\"https:\/\/www.associationdemarie.org\/blog\/wp-content\/uploads\/2016\/08\/champ-croix.jpg\" alt=\"champ-croix\" width=\"467\" height=\"267\" srcset=\"https:\/\/www.associationdemarie.org\/blog\/wp-content\/uploads\/2016\/08\/champ-croix.jpg 700w, https:\/\/www.associationdemarie.org\/blog\/wp-content\/uploads\/2016\/08\/champ-croix-300x171.jpg 300w\" sizes=\"auto, (max-width: 467px) 100vw, 467px\" \/><\/a><\/p>\n<p>Fr\u00e8res, il y a un temps pour les semailles et un autre pour la moisson, un temps pour la paix et un autre pour la guerre, un temps pour l&rsquo;occupation et un autre pour le loisir (cf Qo 3). Mais pour le salut de l&rsquo;\u00e2me, tout moment est propice, et toute journ\u00e9e est favorable, si du moins nous le voulons. Ainsi donc, soyons toujours en mouvement vers le bien, faciles \u00e0 mouvoir, pleins de fra\u00eecheur, mettant les paroles en actes. \u00ab Car, dit l&rsquo;ap\u00f4tre Paul, ce ne sont pas ceux qui \u00e9coutent la loi qui sont justes devant Dieu, mais ceux qui mettent la loi en pratique qui seront justifi\u00e9s \u00bb (Rm 2,13)&#8230; Est-ce le temps de la guerre spirituelle ? Il faut combattre avec ardeur et poursuivre avec l&rsquo;aide de Dieu les pens\u00e9es d\u00e9moniaques qui se l\u00e8vent en nous&#8230; ; si, au contraire, c&rsquo;est le temps de la moisson spirituelle, il faut moissonner avec ardeur et rassembler dans les greniers spirituels les provisions de la vie \u00e9ternelle&#8230;<\/p>\n<p>C&rsquo;est toujours le temps de la pri\u00e8re, le temps des larmes, le temps de la r\u00e9conciliation apr\u00e8s les fautes, le temps de ravir le Royaume des cieux. Pourquoi tarder d\u00e9sormais ? Pourquoi remettre \u00e0 plus tard ? Pourquoi renvoyons-nous de jour en jour l&rsquo;am\u00e9lioration ? \u00ab Ce monde tel que nous le voyons n&rsquo;est-il pas en train de passer ? \u00bb (1Co 7,31)&#8230; Durerons-nous ind\u00e9finiment ? &#8230; L&rsquo;exemple des dix vierges ne vous effraie-t-il pas ? \u00ab Voici l&rsquo;\u00e9poux, dit l&rsquo;Evangile, sortez \u00e0 sa rencontre \u00bb. Et les vierges sages sont all\u00e9es \u00e0 sa rencontre avec des lampes brillantes et elles sont entr\u00e9es pour les noces ; tandis que les vierges folles retard\u00e9es par l&rsquo;absence de bonnes \u0153uvres, criaient : \u00ab Seigneur, Seigneur, ouvre-nous. Mais il a r\u00e9pondu : En v\u00e9rit\u00e9, je vous le dis, je ne vous connais pas \u00bb et il ajoute : \u00ab Veillez donc car vous ne savez ni le jour ni l&rsquo;heure \u00bb. Il faut donc veiller et \u00e9veiller l&rsquo;\u00e2me \u00e0 la sobri\u00e9t\u00e9, \u00e0 la componction, \u00e0 la sanctification, \u00e0 la purification, \u00e0 l&rsquo;illumination, pour \u00e9viter que la mort ne nous ferme la porte et qu&rsquo;il n&rsquo;y ait personne pour nous ouvrir ou nous aider.<\/p>\n<p>Saint Th\u00e9odore le Studite (759-826), moine \u00e0 Constantinople<br \/>\nPetites Cat\u00e9ch\u00e8ses, n\u00b0 130 (trad. Migne 1993, p. 279)<\/p>\n<p>&nbsp;<\/p>\n<p>&nbsp;<\/p>\n<p>&nbsp;<\/p>\n","protected":false},"excerpt":{"rendered":"<p>Fr\u00e8res, il y a un temps pour les semailles et un autre pour la moisson, un temps pour la paix et un autre pour la guerre, un temps pour l&rsquo;occupation et un autre pour le loisir (cf Qo 3). Mais pour le salut de l&rsquo;\u00e2me, tout moment est propice, et toute journ\u00e9e est favorable, si [&hellip;]<\/p>\n","protected":false},"author":2,"featured_media":0,"comment_status":"closed","ping_status":"closed","sticky":false,"template":"","format":"standard","meta":{"footnotes":""},"categories":[3,13,1261,16,27],"tags":[684,775,1430,1175],"class_list":["post-13455","post","type-post","status-publish","format-standard","hentry","category-liturgique","category-ecritures","category-enseignement-2","category-jardins-de-la-bible","category-prieres","tag-moisson","tag-parousie","tag-st-theodore-le-studite","tag-veillez"],"_links":{"self":[{"href":"https:\/\/www.associationdemarie.org\/blog\/wp-json\/wp\/v2\/posts\/13455","targetHints":{"allow":["GET"]}}],"collection":[{"href":"https:\/\/www.associationdemarie.org\/blog\/wp-json\/wp\/v2\/posts"}],"about":[{"href":"https:\/\/www.associationdemarie.org\/blog\/wp-json\/wp\/v2\/types\/post"}],"author":[{"embeddable":true,"href":"https:\/\/www.associationdemarie.org\/blog\/wp-json\/wp\/v2\/users\/2"}],"replies":[{"embeddable":true,"href":"https:\/\/www.associationdemarie.org\/blog\/wp-json\/wp\/v2\/comments?post=13455"}],"version-history":[{"count":1,"href":"https:\/\/www.associationdemarie.org\/blog\/wp-json\/wp\/v2\/posts\/13455\/revisions"}],"predecessor-version":[{"id":13457,"href":"https:\/\/www.associationdemarie.org\/blog\/wp-json\/wp\/v2\/posts\/13455\/revisions\/13457"}],"wp:attachment":[{"href":"https:\/\/www.associationdemarie.org\/blog\/wp-json\/wp\/v2\/media?parent=13455"}],"wp:term":[{"taxonomy":"category","embeddable":true,"href":"https:\/\/www.associationdemarie.org\/blog\/wp-json\/wp\/v2\/categories?post=13455"},{"taxonomy":"post_tag","embeddable":true,"href":"https:\/\/www.associationdemarie.org\/blog\/wp-json\/wp\/v2\/tags?post=13455"}],"curies":[{"name":"wp","href":"https:\/\/api.w.org\/{rel}","templated":true}]}}