{"id":13412,"date":"2016-08-13T01:19:54","date_gmt":"2016-08-13T00:19:54","guid":{"rendered":"http:\/\/www.associationdemarie.org\/blog\/?p=13412"},"modified":"2016-07-27T10:22:22","modified_gmt":"2016-07-27T09:22:22","slug":"semblables-a-cet-enfant","status":"publish","type":"post","link":"https:\/\/www.associationdemarie.org\/blog\/semblables-a-cet-enfant\/","title":{"rendered":"\u00ab Semblables \u00e0 cet enfant &#8230; \u00bb"},"content":{"rendered":"<p><a href=\"https:\/\/www.associationdemarie.org\/blog\/wp-content\/uploads\/2016\/07\/778e4af5.jpg\"><img loading=\"lazy\" decoding=\"async\" class=\"aligncenter wp-image-13413\" src=\"https:\/\/www.associationdemarie.org\/blog\/wp-content\/uploads\/2016\/07\/778e4af5.jpg\" alt=\"778e4af5\" width=\"455\" height=\"453\" srcset=\"https:\/\/www.associationdemarie.org\/blog\/wp-content\/uploads\/2016\/07\/778e4af5.jpg 600w, https:\/\/www.associationdemarie.org\/blog\/wp-content\/uploads\/2016\/07\/778e4af5-150x150.jpg 150w, https:\/\/www.associationdemarie.org\/blog\/wp-content\/uploads\/2016\/07\/778e4af5-300x300.jpg 300w\" sizes=\"auto, (max-width: 455px) 100vw, 455px\" \/><\/a><\/p>\n<p>Le Seigneur dit aux ap\u00f4tres d\u00e9j\u00e0 \u00e2g\u00e9s et m\u00fbrs : \u00ab Si vous ne changez pas pour devenir comme cet enfant, vous n&rsquo;entrerez pas dans le Royaume des cieux \u00bb (Mt 18,3 ; cf v. 4)&#8230; Il les incite \u00e0 retrouver l&rsquo;enfance&#8230;afin qu&rsquo;ils renaissent \u00e0 l&rsquo;innocence du c\u0153ur : \u00ab Personne, \u00e0 moins de na\u00eetre de l&rsquo;eau et de l&rsquo;esprit, ne peut entrer dans le royaume de Dieu \u00bb (Jn 3,5).<\/p>\n<p>\u00ab Si vous ne changez pas pour devenir comme cet enfant \u00bb : il ne dit pas \u00ab ces enfants \u00bb, mais \u00ab cet enfant \u00bb ; il n&rsquo;en choisit qu&rsquo;un, il n&rsquo;en propose qu&rsquo;un. Et qui est cet enfant qu&rsquo;il donne en exemple \u00e0 ses disciples ? Je ne crois pas que ce soit un enfant du peuple, de la foule des hommes, qui offre aux ap\u00f4tres un mod\u00e8le de saintet\u00e9 pour le monde entier. Non, je ne crois pas que cet enfant vienne du peuple, mais du ciel. Il s&rsquo;agit de cet enfant venu du ciel dont parle le proph\u00e8te Isa\u00efe : \u00ab Un enfant nous est n\u00e9, un fils nous est donn\u00e9 \u00bb (9,5). C&rsquo;est lui l&rsquo;enfant innocent, qui ne sait pas r\u00e9pondre \u00e0 l&rsquo;insulte par l&rsquo;insulte, aux coups par les coups \u2014 bien mieux, m\u00eame pendant son agonie il prie pour ses ennemis : \u00ab Mon P\u00e8re, pardonne-leur, ils ne savent pas ce qu&rsquo;ils font \u00bb (Lc 23,34). Ainsi, en sa gr\u00e2ce insondable, le Seigneur d\u00e9borde de cette innocence du c\u0153ur que la nature donne aux enfants. Il est cet enfant qui demande aux tout-petits de l&rsquo;imiter et de le suivre.<\/p>\n<p>Saint Maxime de Turin (?-v. 420), \u00e9v\u00eaque<br \/>\nHom\u00e9lie 58 ; PL 57, 363 (trad. coll. Icthus, t. 10, p. 260 rev.)<\/p>\n<p>&nbsp;<\/p>\n<p>&nbsp;<\/p>\n<p>&nbsp;<\/p>\n","protected":false},"excerpt":{"rendered":"<p>Le Seigneur dit aux ap\u00f4tres d\u00e9j\u00e0 \u00e2g\u00e9s et m\u00fbrs : \u00ab Si vous ne changez pas pour devenir comme cet enfant, vous n&rsquo;entrerez pas dans le Royaume des cieux \u00bb (Mt 18,3 ; cf v. 4)&#8230; Il les incite \u00e0 retrouver l&rsquo;enfance&#8230;afin qu&rsquo;ils renaissent \u00e0 l&rsquo;innocence du c\u0153ur : \u00ab Personne, \u00e0 moins de na\u00eetre [&hellip;]<\/p>\n","protected":false},"author":2,"featured_media":0,"comment_status":"closed","ping_status":"closed","sticky":false,"template":"","format":"standard","meta":{"footnotes":""},"categories":[3,13,1261],"tags":[1382,351,352,1060],"class_list":["post-13412","post","type-post","status-publish","format-standard","hentry","category-liturgique","category-ecritures","category-enseignement-2","tag-ecritures","tag-enfant","tag-enfant-jesus","tag-st-maxime"],"_links":{"self":[{"href":"https:\/\/www.associationdemarie.org\/blog\/wp-json\/wp\/v2\/posts\/13412","targetHints":{"allow":["GET"]}}],"collection":[{"href":"https:\/\/www.associationdemarie.org\/blog\/wp-json\/wp\/v2\/posts"}],"about":[{"href":"https:\/\/www.associationdemarie.org\/blog\/wp-json\/wp\/v2\/types\/post"}],"author":[{"embeddable":true,"href":"https:\/\/www.associationdemarie.org\/blog\/wp-json\/wp\/v2\/users\/2"}],"replies":[{"embeddable":true,"href":"https:\/\/www.associationdemarie.org\/blog\/wp-json\/wp\/v2\/comments?post=13412"}],"version-history":[{"count":2,"href":"https:\/\/www.associationdemarie.org\/blog\/wp-json\/wp\/v2\/posts\/13412\/revisions"}],"predecessor-version":[{"id":13415,"href":"https:\/\/www.associationdemarie.org\/blog\/wp-json\/wp\/v2\/posts\/13412\/revisions\/13415"}],"wp:attachment":[{"href":"https:\/\/www.associationdemarie.org\/blog\/wp-json\/wp\/v2\/media?parent=13412"}],"wp:term":[{"taxonomy":"category","embeddable":true,"href":"https:\/\/www.associationdemarie.org\/blog\/wp-json\/wp\/v2\/categories?post=13412"},{"taxonomy":"post_tag","embeddable":true,"href":"https:\/\/www.associationdemarie.org\/blog\/wp-json\/wp\/v2\/tags?post=13412"}],"curies":[{"name":"wp","href":"https:\/\/api.w.org\/{rel}","templated":true}]}}