{"id":13389,"date":"2016-08-08T01:31:29","date_gmt":"2016-08-08T00:31:29","guid":{"rendered":"http:\/\/www.associationdemarie.org\/blog\/?p=13389"},"modified":"2016-07-22T16:33:06","modified_gmt":"2016-07-22T15:33:06","slug":"liberes-par-le-fils-de-lhomme-qui-se-livre-aux-mains-des-hommes","status":"publish","type":"post","link":"https:\/\/www.associationdemarie.org\/blog\/liberes-par-le-fils-de-lhomme-qui-se-livre-aux-mains-des-hommes\/","title":{"rendered":"Lib\u00e9r\u00e9s par le Fils de l&rsquo;homme qui se livre aux mains des hommes"},"content":{"rendered":"<p><a href=\"https:\/\/www.associationdemarie.org\/blog\/wp-content\/uploads\/2016\/07\/o7q9g1.jpg\"><img loading=\"lazy\" decoding=\"async\" class=\"aligncenter wp-image-13390\" src=\"https:\/\/www.associationdemarie.org\/blog\/wp-content\/uploads\/2016\/07\/o7q9g1.jpg\" alt=\"o7q9g1\" width=\"335\" height=\"428\" srcset=\"https:\/\/www.associationdemarie.org\/blog\/wp-content\/uploads\/2016\/07\/o7q9g1.jpg 450w, https:\/\/www.associationdemarie.org\/blog\/wp-content\/uploads\/2016\/07\/o7q9g1-235x300.jpg 235w\" sizes=\"auto, (max-width: 335px) 100vw, 335px\" \/><\/a><\/p>\n<p>Tous les peuples ont \u00e9t\u00e9 lib\u00e9r\u00e9s des puissances qui les tenaient captifs par notre Seigneur J\u00e9sus Christ. C&rsquo;est lui, oui c&rsquo;est lui qui nous a rachet\u00e9s. Comme dit l&rsquo;ap\u00f4tre Paul : \u00ab Il nous a pardonn\u00e9 tous nos p\u00e9ch\u00e9s, il a supprim\u00e9 le billet attestant notre d\u00e9sob\u00e9issance, il l&rsquo;a annul\u00e9 en le clouant \u00e0 la croix. En se d\u00e9pouillant lui-m\u00eame, il a tra\u00een\u00e9 les puissances du mal dans le cort\u00e8ge de son triomphe \u00bb (Col 2,13-15). Il a d\u00e9livr\u00e9 les encha\u00een\u00e9s et il a bris\u00e9 nos liens, comme David l&rsquo;avait dit : \u00ab Le Seigneur redresse les opprim\u00e9s, le Seigneur d\u00e9lie les encha\u00een\u00e9s, le Seigneur ouvre les yeux des aveugles \u00bb. Et encore : \u00ab Tu as bris\u00e9 mes cha\u00eenes, je t&rsquo;offrirai le sacrifice de louange \u00bb (Ps 145,7-8; 115,16-17).<\/p>\n<p>Oui, nous sommes d\u00e9livr\u00e9s de nos cha\u00eenes, nous qui avons \u00e9t\u00e9 rassembl\u00e9s \u00e0 l&rsquo;appel du Seigneur par le sacrement du bapt\u00eame&#8230;; nous avons \u00e9t\u00e9 lib\u00e9r\u00e9s par le sang du Christ et l&rsquo;invocation de son nom&#8230; Donc, mes bien-aim\u00e9s, une fois pour toutes nous sommes lav\u00e9s par l&rsquo;eau du bapt\u00eame, une fois pour toutes nous sommes lib\u00e9r\u00e9s, une fois pour toutes nous sommes accueillis dans le Royaume immortel. Une fois pour toutes, \u00ab heureux ceux dont les crimes sont pardonn\u00e9s, dont les p\u00e9ch\u00e9s sont couverts \u00bb (Ps 31,1; Rm 4,7). Maintenez avec courage ce que vous avez re\u00e7u, conservez-le pour votre bonheur, ne p\u00e9chez plus. D\u00e9sormais, gardez-vous purs et irr\u00e9prochables pour le jour du Seigneur.<\/p>\n<p>Saint Pacien de Barcelone (?-v. 390), \u00e9v\u00eaque<br \/>\nHom\u00e9lie sur le bapt\u00eame, 7 (trad. br\u00e9viaire : 19e sam)<\/p>\n<p>&nbsp;<\/p>\n<p>&nbsp;<\/p>\n","protected":false},"excerpt":{"rendered":"<p>Tous les peuples ont \u00e9t\u00e9 lib\u00e9r\u00e9s des puissances qui les tenaient captifs par notre Seigneur J\u00e9sus Christ. C&rsquo;est lui, oui c&rsquo;est lui qui nous a rachet\u00e9s. Comme dit l&rsquo;ap\u00f4tre Paul : \u00ab Il nous a pardonn\u00e9 tous nos p\u00e9ch\u00e9s, il a supprim\u00e9 le billet attestant notre d\u00e9sob\u00e9issance, il l&rsquo;a annul\u00e9 en le clouant \u00e0 la [&hellip;]<\/p>\n","protected":false},"author":2,"featured_media":0,"comment_status":"closed","ping_status":"closed","sticky":false,"template":"","format":"standard","meta":{"footnotes":""},"categories":[3,13,1261,28],"tags":[131,220,767,775,1346],"class_list":["post-13389","post","type-post","status-publish","format-standard","hentry","category-liturgique","category-ecritures","category-enseignement-2","category-saints-et-saintes","tag-bapteme","tag-christ","tag-pardon","tag-parousie","tag-st-pacien-de-barcelone"],"_links":{"self":[{"href":"https:\/\/www.associationdemarie.org\/blog\/wp-json\/wp\/v2\/posts\/13389","targetHints":{"allow":["GET"]}}],"collection":[{"href":"https:\/\/www.associationdemarie.org\/blog\/wp-json\/wp\/v2\/posts"}],"about":[{"href":"https:\/\/www.associationdemarie.org\/blog\/wp-json\/wp\/v2\/types\/post"}],"author":[{"embeddable":true,"href":"https:\/\/www.associationdemarie.org\/blog\/wp-json\/wp\/v2\/users\/2"}],"replies":[{"embeddable":true,"href":"https:\/\/www.associationdemarie.org\/blog\/wp-json\/wp\/v2\/comments?post=13389"}],"version-history":[{"count":2,"href":"https:\/\/www.associationdemarie.org\/blog\/wp-json\/wp\/v2\/posts\/13389\/revisions"}],"predecessor-version":[{"id":13392,"href":"https:\/\/www.associationdemarie.org\/blog\/wp-json\/wp\/v2\/posts\/13389\/revisions\/13392"}],"wp:attachment":[{"href":"https:\/\/www.associationdemarie.org\/blog\/wp-json\/wp\/v2\/media?parent=13389"}],"wp:term":[{"taxonomy":"category","embeddable":true,"href":"https:\/\/www.associationdemarie.org\/blog\/wp-json\/wp\/v2\/categories?post=13389"},{"taxonomy":"post_tag","embeddable":true,"href":"https:\/\/www.associationdemarie.org\/blog\/wp-json\/wp\/v2\/tags?post=13389"}],"curies":[{"name":"wp","href":"https:\/\/api.w.org\/{rel}","templated":true}]}}