{"id":13344,"date":"2016-07-28T01:24:09","date_gmt":"2016-07-28T00:24:09","guid":{"rendered":"http:\/\/www.associationdemarie.org\/blog\/?p=13344"},"modified":"2016-07-12T09:26:37","modified_gmt":"2016-07-12T08:26:37","slug":"celui-qui-croit-au-fils-a-la-vie-eternelle-celui-qui-refuse-de-croire-en-lui-ne-verra-pas-la-vie-jn-336","status":"publish","type":"post","link":"https:\/\/www.associationdemarie.org\/blog\/celui-qui-croit-au-fils-a-la-vie-eternelle-celui-qui-refuse-de-croire-en-lui-ne-verra-pas-la-vie-jn-336\/","title":{"rendered":"\u00ab Celui qui croit au Fils a la vie \u00e9ternelle ; celui qui refuse de croire en lui ne verra pas la vie. \u00bb (Jn 3,36)"},"content":{"rendered":"<p><a href=\"https:\/\/www.associationdemarie.org\/blog\/wp-content\/uploads\/2016\/07\/lastjudgment-1280x1024.jpg\"><img loading=\"lazy\" decoding=\"async\" class=\"aligncenter wp-image-13345\" src=\"https:\/\/www.associationdemarie.org\/blog\/wp-content\/uploads\/2016\/07\/lastjudgment-1280x1024.jpg\" alt=\"lastjudgment-1280x1024\" width=\"504\" height=\"403\" srcset=\"https:\/\/www.associationdemarie.org\/blog\/wp-content\/uploads\/2016\/07\/lastjudgment-1280x1024.jpg 1024w, https:\/\/www.associationdemarie.org\/blog\/wp-content\/uploads\/2016\/07\/lastjudgment-1280x1024-300x240.jpg 300w\" sizes=\"auto, (max-width: 504px) 100vw, 504px\" \/><\/a><\/p>\n<p>[Sainte Catherine a entendu Dieu dire : ] Au dernier jour du jugement, lorsque le Verbe, mon Fils, rev\u00eatu de ma majest\u00e9, viendra juger le monde avec sa puissance divine, il ne viendra pas comme ce pauvre mis\u00e9rable qu&rsquo;il \u00e9tait lors de sa naissance du sein de la Vierge, dans une \u00e9table au milieu des animaux, ou tel qu&rsquo;il est mort, entre deux larrons. Alors, ma puissance \u00e9tait cach\u00e9e en lui ; je lui laissais endurer comme homme peines et tourments. Non point que ma nature divine ait \u00e9t\u00e9 s\u00e9par\u00e9e de la nature humaine, mais je le laissais souffrir comme un homme pour expier vos fautes. Non, ce n&rsquo;est pas ainsi qu&rsquo;il viendra au moment supr\u00eame : il viendra dans toute la puissance et dans tout l&rsquo;\u00e9clat de sa propre personne&#8230;<\/p>\n<p>Aux justes, il inspirera en m\u00eame temps qu&rsquo;une crainte respectueuse, une grande jubilation. Non pas que son visage change : son visage, en vertu de la nature divine, est immuable parce qu&rsquo;il ne fait qu&rsquo;un avec moi, et en vertu de la nature humaine son visage est \u00e9galement immuable puisqu&rsquo;il a assum\u00e9 la gloire de la r\u00e9surrection. Aux yeux des r\u00e9prouv\u00e9s il appara\u00eetra terrible, parce que c&rsquo;est avec cet \u0153il d&rsquo;\u00e9pouvante et de trouble qu&rsquo;ils portent au-dedans d&rsquo;eux-m\u00eames que les p\u00e9cheurs le verront.<\/p>\n<p>N&rsquo;est-ce pas ce qui se passe pour un \u0153il malade ? Dans le soleil brillant il ne voit que t\u00e9n\u00e8bres, alors que l&rsquo;\u0153il sain y voit la lumi\u00e8re. Ce n&rsquo;est pas que la lumi\u00e8re ait quelque d\u00e9faut ; ce n&rsquo;est pas le soleil qui change. Le d\u00e9faut est dans l&rsquo;\u0153il aveugle. C&rsquo;est ainsi que les r\u00e9prouv\u00e9s verront mon Fils dans les t\u00e9n\u00e8bres, la haine et la confusion. Ce sera la faute de leur propre infirmit\u00e9 et non pas \u00e0 cause de ma majest\u00e9 divine avec laquelle mon Fils appara\u00eetra pour juger le monde.<\/p>\n<p>Sainte Catherine de Sienne (1347-1380), tertiaire dominicaine, docteur de l&rsquo;\u00c9glise, copatronne de l&rsquo;Europe<br \/>\nLe Dialogue, ch. 39 (trad. cf Guigues, Seuil 1953, p. 132)<\/p>\n<p>&nbsp;<\/p>\n<p>&nbsp;<\/p>\n<p>&nbsp;<\/p>\n","protected":false},"excerpt":{"rendered":"<p>[Sainte Catherine a entendu Dieu dire : ] Au dernier jour du jugement, lorsque le Verbe, mon Fils, rev\u00eatu de ma majest\u00e9, viendra juger le monde avec sa puissance divine, il ne viendra pas comme ce pauvre mis\u00e9rable qu&rsquo;il \u00e9tait lors de sa naissance du sein de la Vierge, dans une \u00e9table au milieu des [&hellip;]<\/p>\n","protected":false},"author":2,"featured_media":0,"comment_status":"closed","ping_status":"closed","sticky":false,"template":"","format":"standard","meta":{"footnotes":""},"categories":[3,13,1261,28],"tags":[220,553,1089,1187],"class_list":["post-13344","post","type-post","status-publish","format-standard","hentry","category-liturgique","category-ecritures","category-enseignement-2","category-saints-et-saintes","tag-christ","tag-jugement","tag-ste-catherine-de-sienne","tag-vie-eternelle"],"_links":{"self":[{"href":"https:\/\/www.associationdemarie.org\/blog\/wp-json\/wp\/v2\/posts\/13344","targetHints":{"allow":["GET"]}}],"collection":[{"href":"https:\/\/www.associationdemarie.org\/blog\/wp-json\/wp\/v2\/posts"}],"about":[{"href":"https:\/\/www.associationdemarie.org\/blog\/wp-json\/wp\/v2\/types\/post"}],"author":[{"embeddable":true,"href":"https:\/\/www.associationdemarie.org\/blog\/wp-json\/wp\/v2\/users\/2"}],"replies":[{"embeddable":true,"href":"https:\/\/www.associationdemarie.org\/blog\/wp-json\/wp\/v2\/comments?post=13344"}],"version-history":[{"count":1,"href":"https:\/\/www.associationdemarie.org\/blog\/wp-json\/wp\/v2\/posts\/13344\/revisions"}],"predecessor-version":[{"id":13346,"href":"https:\/\/www.associationdemarie.org\/blog\/wp-json\/wp\/v2\/posts\/13344\/revisions\/13346"}],"wp:attachment":[{"href":"https:\/\/www.associationdemarie.org\/blog\/wp-json\/wp\/v2\/media?parent=13344"}],"wp:term":[{"taxonomy":"category","embeddable":true,"href":"https:\/\/www.associationdemarie.org\/blog\/wp-json\/wp\/v2\/categories?post=13344"},{"taxonomy":"post_tag","embeddable":true,"href":"https:\/\/www.associationdemarie.org\/blog\/wp-json\/wp\/v2\/tags?post=13344"}],"curies":[{"name":"wp","href":"https:\/\/api.w.org\/{rel}","templated":true}]}}