{"id":13315,"date":"2016-07-21T01:32:36","date_gmt":"2016-07-21T00:32:36","guid":{"rendered":"http:\/\/www.associationdemarie.org\/blog\/?p=13315"},"modified":"2016-07-04T05:39:27","modified_gmt":"2016-07-04T04:39:27","slug":"livre-de-jeremie-21-3-7-8-12-13","status":"publish","type":"post","link":"https:\/\/www.associationdemarie.org\/blog\/livre-de-jeremie-21-3-7-8-12-13\/","title":{"rendered":"Livre de J\u00e9r\u00e9mie 2,1-3.7-8.12-13."},"content":{"rendered":"<p>&nbsp;<\/p>\n<p><a href=\"https:\/\/www.associationdemarie.org\/blog\/wp-content\/uploads\/2016\/07\/Rayon-de-soleil_05.jpg\"><img loading=\"lazy\" decoding=\"async\" class=\"aligncenter wp-image-13317\" src=\"https:\/\/www.associationdemarie.org\/blog\/wp-content\/uploads\/2016\/07\/Rayon-de-soleil_05.jpg\" alt=\"Rayon-de-soleil_05\" width=\"431\" height=\"323\" srcset=\"https:\/\/www.associationdemarie.org\/blog\/wp-content\/uploads\/2016\/07\/Rayon-de-soleil_05.jpg 1600w, https:\/\/www.associationdemarie.org\/blog\/wp-content\/uploads\/2016\/07\/Rayon-de-soleil_05-300x225.jpg 300w, https:\/\/www.associationdemarie.org\/blog\/wp-content\/uploads\/2016\/07\/Rayon-de-soleil_05-1024x768.jpg 1024w\" sizes=\"auto, (max-width: 431px) 100vw, 431px\" \/><\/a><\/p>\n<p><a href=\"https:\/\/www.associationdemarie.org\/blog\/wp-content\/uploads\/2016\/07\/dea10.png\"><img loading=\"lazy\" decoding=\"async\" class=\"alignleft wp-image-13316\" src=\"https:\/\/www.associationdemarie.org\/blog\/wp-content\/uploads\/2016\/07\/dea10.png\" alt=\"dea10\" width=\"45\" height=\"51\" srcset=\"https:\/\/www.associationdemarie.org\/blog\/wp-content\/uploads\/2016\/07\/dea10.png 399w, https:\/\/www.associationdemarie.org\/blog\/wp-content\/uploads\/2016\/07\/dea10-263x300.png 263w\" sizes=\"auto, (max-width: 45px) 100vw, 45px\" \/><\/a>a parole du Seigneur me fut adress\u00e9e :<br \/>\nVa proclamer aux oreilles de J\u00e9rusalem : \u00ab Ainsi parle le Seigneur : Je me souviens de la tendresse de tes jeunes ann\u00e9es, ton amour de jeune mari\u00e9e, lorsque tu me suivais au d\u00e9sert, dans une terre inculte.<br \/>\nIsra\u00ebl \u00e9tait consacr\u00e9 au Seigneur, premi\u00e8re gerbe de sa r\u00e9colte ; celui qui en mangeait \u00e9tait coupable : il lui arrivait malheur, \u2013 oracle du Seigneur.<br \/>\nJe vous ai fait entrer dans une terre plantureuse pour vous nourrir de tous ses fruits. Mais \u00e0 peine entr\u00e9s, vous avez profan\u00e9 ma terre, chang\u00e9 mon h\u00e9ritage en abomination.<br \/>\nLes pr\u00eatres n\u2019ont pas dit : \u201cO\u00f9 est-il, le Seigneur ?\u201d Les d\u00e9positaires de la Loi ne m\u2019ont pas connu, les pasteurs se sont r\u00e9volt\u00e9s contre moi ; les proph\u00e8tes ont proph\u00e9tis\u00e9 au nom du dieu Baal, ils ont suivi des dieux qui ne servent \u00e0 rien.<br \/>\nCieux, soyez-en constern\u00e9s, horrifi\u00e9s, \u00e9pouvant\u00e9s ! \u2013 oracle du Seigneur.<br \/>\nOui, mon peuple a commis un double m\u00e9fait : ils m\u2019ont abandonn\u00e9, moi, la source d\u2019eau vive, et ils se sont creus\u00e9 des citernes, des citernes fissur\u00e9es qui ne retiennent pas l\u2019eau ! \u00bb<\/p>\n<p>&nbsp;<\/p>\n<p>&nbsp;<\/p>\n<p>&nbsp;<\/p>\n<p>&nbsp;<\/p>\n","protected":false},"excerpt":{"rendered":"<p>&nbsp; a parole du Seigneur me fut adress\u00e9e : Va proclamer aux oreilles de J\u00e9rusalem : \u00ab Ainsi parle le Seigneur : Je me souviens de la tendresse de tes jeunes ann\u00e9es, ton amour de jeune mari\u00e9e, lorsque tu me suivais au d\u00e9sert, dans une terre inculte. Isra\u00ebl \u00e9tait consacr\u00e9 au Seigneur, premi\u00e8re gerbe de [&hellip;]<\/p>\n","protected":false},"author":2,"featured_media":0,"comment_status":"closed","ping_status":"closed","sticky":false,"template":"","format":"standard","meta":{"footnotes":""},"categories":[3,13],"tags":[1241],"class_list":["post-13315","post","type-post","status-publish","format-standard","hentry","category-liturgique","category-ecritures","tag-livre-de-jeremie"],"_links":{"self":[{"href":"https:\/\/www.associationdemarie.org\/blog\/wp-json\/wp\/v2\/posts\/13315","targetHints":{"allow":["GET"]}}],"collection":[{"href":"https:\/\/www.associationdemarie.org\/blog\/wp-json\/wp\/v2\/posts"}],"about":[{"href":"https:\/\/www.associationdemarie.org\/blog\/wp-json\/wp\/v2\/types\/post"}],"author":[{"embeddable":true,"href":"https:\/\/www.associationdemarie.org\/blog\/wp-json\/wp\/v2\/users\/2"}],"replies":[{"embeddable":true,"href":"https:\/\/www.associationdemarie.org\/blog\/wp-json\/wp\/v2\/comments?post=13315"}],"version-history":[{"count":6,"href":"https:\/\/www.associationdemarie.org\/blog\/wp-json\/wp\/v2\/posts\/13315\/revisions"}],"predecessor-version":[{"id":13323,"href":"https:\/\/www.associationdemarie.org\/blog\/wp-json\/wp\/v2\/posts\/13315\/revisions\/13323"}],"wp:attachment":[{"href":"https:\/\/www.associationdemarie.org\/blog\/wp-json\/wp\/v2\/media?parent=13315"}],"wp:term":[{"taxonomy":"category","embeddable":true,"href":"https:\/\/www.associationdemarie.org\/blog\/wp-json\/wp\/v2\/categories?post=13315"},{"taxonomy":"post_tag","embeddable":true,"href":"https:\/\/www.associationdemarie.org\/blog\/wp-json\/wp\/v2\/tags?post=13315"}],"curies":[{"name":"wp","href":"https:\/\/api.w.org\/{rel}","templated":true}]}}